{"id":20884,"date":"2017-01-06T19:40:20","date_gmt":"2017-01-07T01:40:20","guid":{"rendered":"https:\/\/sitio.sspo.gob.mx\/?p=20884"},"modified":"2017-01-06T19:40:23","modified_gmt":"2017-01-07T01:40:23","slug":"detiene-policia-estatal-a-dos-sujetos-por-violacion-a-la-ley-federal-de-armas-de-fuego-y-explosivos-en-la-sierra-sur","status":"publish","type":"post","link":"https:\/\/www.sspo.gob.mx\/?p=20884","title":{"rendered":"DETIENE POLIC\u00cdA ESTATAL A DOS SUJETOS POR VIOLACI\u00d3N A LA LEY FEDERAL DE ARMAS DE FUEGO Y EXPLOSIVOS EN LA SIERRA SUR"},"content":{"rendered":"<p class=\"m_8802427307333800065gmail-MsoNoSpacing\">Aproximadamente a las 13:00\u00a0 horas de este mi\u00e9rcoles, personal de la Polic\u00eda Estatal de la Secretar\u00eda de Seguridad P\u00fablica de Oaxaca (SSPO), se traslad\u00f3 a la ciudad de Huajuapan de Le\u00f3n, con la finalidad de poner a disposici\u00f3n a dos sujetos que portaban armas de fuego sin el permiso correspondiente.<\/p>\n<p class=\"m_8802427307333800065gmail-MsoNoSpacing\">Se trata de <b>Miguel A. G. L.<\/b>, de 29 a\u00f1os de edad, originario de Santiago Yolomecalt, quien portaba una arma de fuego tipo pistola calibre 9mm, marca STAR, con dos cargadores met\u00e1licos y sin cartuchos, as\u00ed como <b>Benjam\u00edn A. O.<\/b>, de 32 a\u00f1os de edad, originario del -Estado de M\u00e9xico, quien ten\u00eda un arma corta tipo escuadra, calibre 380 mm, marca COLT, con un cardador met\u00e1lico con cinco cartuchos \u00fatiles.<\/p>\n<p class=\"m_8802427307333800065gmail-MsoNoSpacing\">Cabe mencionar que ambos sujetos fueron detenidos sobre la Carreta Federal 125, a la altura de la comunidad de San Pedro Santa Mar\u00eda Zacatepec, Putla de Guerrero, en la Sierra Sur, cuando viajaban como pasajeros a bordo de un veh\u00edculo del transporte p\u00fablico\u00a0 tipo taxi, del sitio Santa Mar\u00eda Zacatepec.<\/p>\n<p class=\"m_8802427307333800065gmail-MsoNoSpacing\">Lo anterior debido a que ninguno de los dos mostr\u00f3 la documentaci\u00f3n necesaria para la portaci\u00f3n legal de arma de fuego; permiso extendido por la Secretar\u00eda de la Defensa Nacional (SEDENA).<\/p>\n<p class=\"m_8802427307333800065gmail-MsoNoSpacing\"><img decoding=\"async\" src=\"https:\/\/sitio.sspo.gob.mx\/wp-content\/uploads\/2017\/01\/Diapositiva1.jpg\" \/><\/p>\n<p class=\"m_8802427307333800065gmail-MsoNoSpacing\">Oaxaca de Ju\u00e1rez, Oaxaca, a 07 de diciembre de 2016.<\/p>\n","protected":false},"excerpt":{"rendered":"<p>Aproximadamente a las 13:00\u00a0 horas de este mi\u00e9rcoles, personal de la Polic\u00eda Estatal de la Secretar\u00eda de Seguridad P\u00fablica de<\/p>\n","protected":false},"author":2,"featured_media":20885,"comment_status":"closed","ping_status":"open","sticky":false,"template":"","format":"standard","meta":{"footnotes":""},"categories":[7],"tags":[],"_links":{"self":[{"href":"https:\/\/www.sspo.gob.mx\/index.php?rest_route=\/wp\/v2\/posts\/20884"}],"collection":[{"href":"https:\/\/www.sspo.gob.mx\/index.php?rest_route=\/wp\/v2\/posts"}],"about":[{"href":"https:\/\/www.sspo.gob.mx\/index.php?rest_route=\/wp\/v2\/types\/post"}],"author":[{"embeddable":true,"href":"https:\/\/www.sspo.gob.mx\/index.php?rest_route=\/wp\/v2\/users\/2"}],"replies":[{"embeddable":true,"href":"https:\/\/www.sspo.gob.mx\/index.php?rest_route=%2Fwp%2Fv2%2Fcomments&post=20884"}],"version-history":[{"count":1,"href":"https:\/\/www.sspo.gob.mx\/index.php?rest_route=\/wp\/v2\/posts\/20884\/revisions"}],"predecessor-version":[{"id":20887,"href":"https:\/\/www.sspo.gob.mx\/index.php?rest_route=\/wp\/v2\/posts\/20884\/revisions\/20887"}],"wp:featuredmedia":[{"embeddable":true,"href":"https:\/\/www.sspo.gob.mx\/index.php?rest_route=\/wp\/v2\/media\/20885"}],"wp:attachment":[{"href":"https:\/\/www.sspo.gob.mx\/index.php?rest_route=%2Fwp%2Fv2%2Fmedia&parent=20884"}],"wp:term":[{"taxonomy":"category","embeddable":true,"href":"https:\/\/www.sspo.gob.mx\/index.php?rest_route=%2Fwp%2Fv2%2Fcategories&post=20884"},{"taxonomy":"post_tag","embeddable":true,"href":"https:\/\/www.sspo.gob.mx\/index.php?rest_route=%2Fwp%2Fv2%2Ftags&post=20884"}],"curies":[{"name":"wp","href":"https:\/\/api.w.org\/{rel}","templated":true}]}}