{"id":21089,"date":"2017-01-07T16:59:38","date_gmt":"2017-01-07T22:59:38","guid":{"rendered":"https:\/\/sitio.sspo.gob.mx\/?p=21089"},"modified":"2017-01-07T16:59:38","modified_gmt":"2017-01-07T22:59:38","slug":"fuerzas-estatales-detienen-a-sujeto-con-escopeta-en-el-istmo","status":"publish","type":"post","link":"https:\/\/www.sspo.gob.mx\/?p=21089","title":{"rendered":"FUERZAS ESTATALES DETIENEN A SUJETO CON ESCOPETA EN EL ISTMO"},"content":{"rendered":"<p>La Comandancia Regional del Istmo, perteneciente a la Secretar\u00eda de Seguridad P\u00fablica de Oaxaca (SSPO), report\u00f3 que efectivos de la Polic\u00eda Estatal, procedieron a detener a un sujeto armado por violaci\u00f3n a la Ley Federal de Armas de Fuego y Explosivos en la regi\u00f3n del Istmo de Tehuantepec.<\/p>\n<p>Tal como se narra en el Informe Policial Homologado, la acci\u00f3n ocurri\u00f3 aproximadamente a las 22:00 horas del martes, cuando elementos de las fuerzas estatales implementaron recorridos de disuasi\u00f3n,\u00a0 prevenci\u00f3n y vigilancia sobre la carretera local que conduce a la\u00a0 poblaci\u00f3n de Santa Mar\u00eda Mixtequilla.<\/p>\n<p>Exactamente a una distancia de 50 metros del entronque con la Carretera Federal Trans\u00edstmica, polic\u00edas estatales realizaron el aseguramiento de una persona del sexo masculino, quien dijo llamarse <strong>Mariano de la R. J.<\/strong>, de 33 a\u00f1os de edad, a quien le aseguraron\u00a0 una escopeta de doble ca\u00f1\u00f3n, calibre 20 mm, con marca y matr\u00edcula ilegibles, con un cartucho \u00fatil y uno percutido.<\/p>\n<p>Cabe mencionar que el sujeto viajaba a bordo de una camioneta marca Ford, tipo Ranger, color azul marino, con placas de circulaci\u00f3n RW-80830 del estado de Oaxaca, mismo que manifest\u00f3 que la referida arma de fuego es de su propiedad y que no contaba con el registro o permiso correspondiente para su portaci\u00f3n.<\/p>\n<p>Por tal motivo fue asegurado, junto con el artefacto, siendo abordado a la patrulla y trasladado a la Comandancia del 6\/o Sector para su certificaci\u00f3n\u00a0 m\u00e9dica correspondiente y enseguida puesta a disposici\u00f3n de la Agencia del Ministerio P\u00fablico de la Federaci\u00f3n con sede en Salina Cruz,\u00a0 en donde se determinar\u00e1 lo procedente.<\/p>\n<p>&nbsp;<\/p>\n<p>Oaxaca de Ju\u00e1rez, Oaxaca, a 28 de diciembre de 2016.<\/p>\n","protected":false},"excerpt":{"rendered":"<p>La Comandancia Regional del Istmo, perteneciente a la Secretar\u00eda de Seguridad P\u00fablica de Oaxaca (SSPO), report\u00f3 que efectivos de la<\/p>\n","protected":false},"author":2,"featured_media":20910,"comment_status":"closed","ping_status":"open","sticky":false,"template":"","format":"standard","meta":{"footnotes":""},"categories":[7],"tags":[],"_links":{"self":[{"href":"https:\/\/www.sspo.gob.mx\/index.php?rest_route=\/wp\/v2\/posts\/21089"}],"collection":[{"href":"https:\/\/www.sspo.gob.mx\/index.php?rest_route=\/wp\/v2\/posts"}],"about":[{"href":"https:\/\/www.sspo.gob.mx\/index.php?rest_route=\/wp\/v2\/types\/post"}],"author":[{"embeddable":true,"href":"https:\/\/www.sspo.gob.mx\/index.php?rest_route=\/wp\/v2\/users\/2"}],"replies":[{"embeddable":true,"href":"https:\/\/www.sspo.gob.mx\/index.php?rest_route=%2Fwp%2Fv2%2Fcomments&post=21089"}],"version-history":[{"count":1,"href":"https:\/\/www.sspo.gob.mx\/index.php?rest_route=\/wp\/v2\/posts\/21089\/revisions"}],"predecessor-version":[{"id":21090,"href":"https:\/\/www.sspo.gob.mx\/index.php?rest_route=\/wp\/v2\/posts\/21089\/revisions\/21090"}],"wp:featuredmedia":[{"embeddable":true,"href":"https:\/\/www.sspo.gob.mx\/index.php?rest_route=\/wp\/v2\/media\/20910"}],"wp:attachment":[{"href":"https:\/\/www.sspo.gob.mx\/index.php?rest_route=%2Fwp%2Fv2%2Fmedia&parent=21089"}],"wp:term":[{"taxonomy":"category","embeddable":true,"href":"https:\/\/www.sspo.gob.mx\/index.php?rest_route=%2Fwp%2Fv2%2Fcategories&post=21089"},{"taxonomy":"post_tag","embeddable":true,"href":"https:\/\/www.sspo.gob.mx\/index.php?rest_route=%2Fwp%2Fv2%2Ftags&post=21089"}],"curies":[{"name":"wp","href":"https:\/\/api.w.org\/{rel}","templated":true}]}}