{"id":21122,"date":"2017-01-07T17:26:12","date_gmt":"2017-01-07T23:26:12","guid":{"rendered":"https:\/\/sitio.sspo.gob.mx\/?p=21122"},"modified":"2017-01-07T17:26:12","modified_gmt":"2017-01-07T23:26:12","slug":"se-compromete-secretario-de-seguridad-publica-a-mejorar-condiciones-del-cuartel-de-la-policia-estatal","status":"publish","type":"post","link":"https:\/\/www.sspo.gob.mx\/?p=21122","title":{"rendered":"SE COMPROMETE SECRETARIO DE SEGURIDAD P\u00daBLICA A MEJORAR CONDICIONES DEL CUARTEL DE LA POLIC\u00cdA ESTATAL"},"content":{"rendered":"<p><strong>*** <\/strong>El Secretario de Seguridad P\u00fablica felicita a los oficiales por su d\u00eda <strong>\u00a0<\/strong><\/p>\n<p>En el marco del D\u00eda Internacional del Polic\u00eda, el titular de la Secretar\u00eda de Seguridad P\u00fablica de Oaxaca (SSPO), Capit\u00e1n Jos\u00e9 Raymundo Tu\u00f1\u00f3n J\u00e1uregui, acudi\u00f3 a las instalaciones del Cuartel General de la Polic\u00eda Estatal para felicitar, a nombre del Gobernador del Estado, Maestro Alejandro Murat Hinojosa y a t\u00edtulo propio, a los polic\u00edas estatales y polic\u00edas viales presentes.<\/p>\n<p>Tras reconocer el desempe\u00f1o y labor de los cuerpos policiales, el mandatario de la SSPO aprovech\u00f3 la ocasi\u00f3n para recorrer las instalaciones del Cuartel General en compa\u00f1\u00eda del Comisionado Jos\u00e9 S\u00e1nchez Saldierna, lo anterior con el objetivo de trabajar de manera conjunta para mejorar las condiciones de dicho plantel.<\/p>\n<p>En este sentido, durante la actual administraci\u00f3n, el Secretario de Seguridad P\u00fablica pondr\u00e1 en marcha estrategias necesarias para favorecer las condiciones de trabajo y contribuir en la modernizaci\u00f3n de la infraestructura del Cuartel, sin dejar de velar en todo momento por el factor humano.<\/p>\n<p>Asimismo convid\u00f3 a los oficiales de seguridad p\u00fablica a poner todo su empe\u00f1o y esfuerzo para sacar adelante su noble labor, al tiempo que les dese\u00f3 un exitoso a\u00f1o 2017.<\/p>\n<p>&nbsp;<\/p>\n<p><img decoding=\"async\" src=\"https:\/\/sitio.sspo.gob.mx\/wp-content\/uploads\/2017\/01\/DSC0293.jpg\" \/><\/p>\n<p><img decoding=\"async\" src=\"https:\/\/sitio.sspo.gob.mx\/wp-content\/uploads\/2017\/01\/DSC0283.jpg\" \/><\/p>\n<p>Oaxaca de Ju\u00e1rez, Oaxaca, a 02 de enero de 2017.<\/p>\n","protected":false},"excerpt":{"rendered":"<p>*** El Secretario de Seguridad P\u00fablica felicita a los oficiales por su d\u00eda \u00a0 En el marco del D\u00eda Internacional<\/p>\n","protected":false},"author":2,"featured_media":21123,"comment_status":"closed","ping_status":"open","sticky":false,"template":"","format":"standard","meta":{"footnotes":""},"categories":[7],"tags":[],"_links":{"self":[{"href":"https:\/\/www.sspo.gob.mx\/index.php?rest_route=\/wp\/v2\/posts\/21122"}],"collection":[{"href":"https:\/\/www.sspo.gob.mx\/index.php?rest_route=\/wp\/v2\/posts"}],"about":[{"href":"https:\/\/www.sspo.gob.mx\/index.php?rest_route=\/wp\/v2\/types\/post"}],"author":[{"embeddable":true,"href":"https:\/\/www.sspo.gob.mx\/index.php?rest_route=\/wp\/v2\/users\/2"}],"replies":[{"embeddable":true,"href":"https:\/\/www.sspo.gob.mx\/index.php?rest_route=%2Fwp%2Fv2%2Fcomments&post=21122"}],"version-history":[{"count":1,"href":"https:\/\/www.sspo.gob.mx\/index.php?rest_route=\/wp\/v2\/posts\/21122\/revisions"}],"predecessor-version":[{"id":21126,"href":"https:\/\/www.sspo.gob.mx\/index.php?rest_route=\/wp\/v2\/posts\/21122\/revisions\/21126"}],"wp:featuredmedia":[{"embeddable":true,"href":"https:\/\/www.sspo.gob.mx\/index.php?rest_route=\/wp\/v2\/media\/21123"}],"wp:attachment":[{"href":"https:\/\/www.sspo.gob.mx\/index.php?rest_route=%2Fwp%2Fv2%2Fmedia&parent=21122"}],"wp:term":[{"taxonomy":"category","embeddable":true,"href":"https:\/\/www.sspo.gob.mx\/index.php?rest_route=%2Fwp%2Fv2%2Fcategories&post=21122"},{"taxonomy":"post_tag","embeddable":true,"href":"https:\/\/www.sspo.gob.mx\/index.php?rest_route=%2Fwp%2Fv2%2Ftags&post=21122"}],"curies":[{"name":"wp","href":"https:\/\/api.w.org\/{rel}","templated":true}]}}