{"id":21220,"date":"2017-01-12T16:02:02","date_gmt":"2017-01-12T22:02:02","guid":{"rendered":"https:\/\/sitio.sspo.gob.mx\/?p=21220"},"modified":"2017-01-12T16:02:18","modified_gmt":"2017-01-12T22:02:18","slug":"capacitan-a-personal-de-la-sspo-sobre-derechos-humanos-e-ideas-para-ser-incluyente","status":"publish","type":"post","link":"https:\/\/www.sspo.gob.mx\/?p=21220","title":{"rendered":"CAPACITAN A PERSONAL DE LA SSPO SOBRE \u201cDERECHOS HUMANOS E IDEAS PARA SER INCLUYENTE\u201d"},"content":{"rendered":"<p>La Coordinaci\u00f3n para la Atenci\u00f3n de los Derechos Humanos de Gobierno del Estado imparte este jueves una capacitaci\u00f3n a personal de la Direcci\u00f3n General de Asuntos Jur\u00eddicos y la Direcci\u00f3n de\u00a0 Servicios de Seguridad Privada, ambas pertenecientes a la Secretar\u00eda de Seguridad P\u00fablica de Oaxaca (SSPO).<\/p>\n<p>El objetivo de la capacitaci\u00f3n denominada \u201cDerechos Humanos e Ideas para ser Incluyente\u201d, es hacer llegar la informaci\u00f3n a los servidores p\u00fablicos, para que desde sus \u00e1reas y dependencias, tengan conocimientos sobre c\u00f3mo debe ser el trato correcto hacia la poblaci\u00f3n.<\/p>\n<p>Cabe mencionar que el curso se imparte para dar cumplimiento al plan estrat\u00e9gico de 100 d\u00edas, implementado por el titular de la dependencia encargada de la seguridad de los oaxaque\u00f1os, Capit\u00e1n Jos\u00e9 Raymundo Tu\u00f1\u00f3n J\u00e1uregui, con lo cual se busca fomentar una cultura de respeto a los derechos humanos.<\/p>\n<p>La capacitaci\u00f3n impartida en el edificio central de la SSPO, ubicado en Belisario Dom\u00ednguez 428, colonia Reforma, aborda temas de sensibilizaci\u00f3n a los servidores p\u00fablicos, tales como Derechos Humanos, Inclusi\u00f3n, Igualdad y no discriminaci\u00f3n, as\u00ed como los marcos legales que los rigen.<\/p>\n<p>Es as\u00ed como la SSPO, trabaja coordinadamente en seguimiento a las ordenanzas del Gobernador del Estado, Maestro Alejandro Murat, en materia de garantizar, respetar y promover los derechos humanos como una garant\u00eda para cada uno de los oaxaque\u00f1os.<\/p>\n<p>&nbsp;<\/p>\n<p><img decoding=\"async\" src=\"https:\/\/sitio.sspo.gob.mx\/wp-content\/uploads\/2017\/01\/DSC06261.jpg\" \/><\/p>\n<p>Oaxaca de Ju\u00e1rez, Oaxaca, a 12 de enero de 2017<\/p>\n","protected":false},"excerpt":{"rendered":"<p>La Coordinaci\u00f3n para la Atenci\u00f3n de los Derechos Humanos de Gobierno del Estado imparte este jueves una capacitaci\u00f3n a personal<\/p>\n","protected":false},"author":2,"featured_media":21222,"comment_status":"closed","ping_status":"open","sticky":false,"template":"","format":"standard","meta":{"footnotes":""},"categories":[7],"tags":[],"_links":{"self":[{"href":"https:\/\/www.sspo.gob.mx\/index.php?rest_route=\/wp\/v2\/posts\/21220"}],"collection":[{"href":"https:\/\/www.sspo.gob.mx\/index.php?rest_route=\/wp\/v2\/posts"}],"about":[{"href":"https:\/\/www.sspo.gob.mx\/index.php?rest_route=\/wp\/v2\/types\/post"}],"author":[{"embeddable":true,"href":"https:\/\/www.sspo.gob.mx\/index.php?rest_route=\/wp\/v2\/users\/2"}],"replies":[{"embeddable":true,"href":"https:\/\/www.sspo.gob.mx\/index.php?rest_route=%2Fwp%2Fv2%2Fcomments&post=21220"}],"version-history":[{"count":1,"href":"https:\/\/www.sspo.gob.mx\/index.php?rest_route=\/wp\/v2\/posts\/21220\/revisions"}],"predecessor-version":[{"id":21223,"href":"https:\/\/www.sspo.gob.mx\/index.php?rest_route=\/wp\/v2\/posts\/21220\/revisions\/21223"}],"wp:featuredmedia":[{"embeddable":true,"href":"https:\/\/www.sspo.gob.mx\/index.php?rest_route=\/wp\/v2\/media\/21222"}],"wp:attachment":[{"href":"https:\/\/www.sspo.gob.mx\/index.php?rest_route=%2Fwp%2Fv2%2Fmedia&parent=21220"}],"wp:term":[{"taxonomy":"category","embeddable":true,"href":"https:\/\/www.sspo.gob.mx\/index.php?rest_route=%2Fwp%2Fv2%2Fcategories&post=21220"},{"taxonomy":"post_tag","embeddable":true,"href":"https:\/\/www.sspo.gob.mx\/index.php?rest_route=%2Fwp%2Fv2%2Ftags&post=21220"}],"curies":[{"name":"wp","href":"https:\/\/api.w.org\/{rel}","templated":true}]}}