{"id":22272,"date":"2017-01-17T14:55:44","date_gmt":"2017-01-17T20:55:44","guid":{"rendered":"https:\/\/sspo.gob.mx\/?p=22272"},"modified":"2017-01-17T14:55:44","modified_gmt":"2017-01-17T20:55:44","slug":"en-coordinacion-detienen-a-probables-responsables-de-asalto-a-tienda-departamental-en-salina-cruz","status":"publish","type":"post","link":"https:\/\/www.sspo.gob.mx\/?p=22272","title":{"rendered":"EN COORDINACI\u00d3N DETIENEN A PROBABLES RESPONSABLES DE ASALTO A TIENDA DEPARTAMENTAL EN SALINA CRUZ"},"content":{"rendered":"<p>El Servicio de Emergencia 9-1-1 coordin\u00f3 la detenci\u00f3n que cuerpos policiales municipales llevaron a cabo en Salina Cruz, luego de que se recibiera el reporte de asalto a la tienda departamental Coppel ubicada en ese lugar.<\/p>\n<p>&nbsp;<\/p>\n<p>Al respecto, la Secretar\u00eda de Seguridad P\u00fablica de Oaxaca (SSPO) confirm\u00f3 que los detenidos fueron identificados como <strong>Jos\u00e9 R. T. C.<\/strong>, de 19 a\u00f1os de edad, originario de Veracruz;\u00a0<strong>Cristian A. T. F.<\/strong>, de 20 a\u00f1os de edad, originario de Salina Cruz y <strong>Heriberto C. A.<\/strong>, de 30 a\u00f1os de edad, <strong>Armando M. M.<\/strong>, ambos originarios de Tehuantepec.<\/p>\n<p>&nbsp;<\/p>\n<p>El hecho ocurri\u00f3 alrededor de las 11:24 horas, momento en el que el despachador del Centro de Control (C2), recibi\u00f3 un reporte de robo a la tienda Coppel ubicado en\u00a0 la calle Acapulco de la colonia Centro de Salina Cruz, por medio del 9-1-1.<\/p>\n<p>&nbsp;<\/p>\n<p>Fue as\u00ed como personal de la Polic\u00eda Estatal arrib\u00f3 al lugar en donde en coordinaci\u00f3n con la Polic\u00eda Municipal se realiz\u00f3 el aseguramiento de cuatro individuos quienes fueron \u00a0se\u00f1alados como los presuntos responsables del robo a la tienda en menci\u00f3n.<\/p>\n<p>&nbsp;<\/p>\n<p>La detenci\u00f3n se efectu\u00f3 a dos cuadras de la negociaci\u00f3n, exactamente a la altura de la Avenida Ferrocarril, como referencia cerca de la PGR, en donde las fuerzas de seguridad \u00a0le cerraron el paso a un taxi del sitio El Pabell\u00f3n de Salina Cruz, con n\u00famero econ\u00f3mico 18-648 y con placas de circulaci\u00f3n 4035 SJL.<\/p>\n<p>&nbsp;<\/p>\n<p>Tras la verificaci\u00f3n los oficiales encontraron que los sujetos viajaban en la mencionada unidad de motor con tres armas de fuego cortas calibre 22, 9 mm y 38 Special, sin presentar los permisos correspondientes.<\/p>\n<p>&nbsp;<\/p>\n<p>Con tal antecedente los implicados fueron detenidos y trasladados para ser puestos a disposici\u00f3n de la autoridad correspondiente en donde se determinar\u00e1 lo procedente al caso.<\/p>\n<p>&nbsp;<\/p>\n<p><a href=\"https:\/\/sspo.gob.mx\/wp-content\/uploads\/2017\/01\/Diapositiva1-2.jpg\"><img loading=\"lazy\" decoding=\"async\" class=\"alignnone size-thumbnail wp-image-22273\" src=\"https:\/\/sspo.gob.mx\/wp-content\/uploads\/2017\/01\/Diapositiva1-2-150x150.jpg\" alt=\"\" width=\"150\" height=\"150\" \/><\/a> <a href=\"https:\/\/sspo.gob.mx\/wp-content\/uploads\/2017\/01\/Diapositiva2-2.jpg\"><img loading=\"lazy\" decoding=\"async\" class=\"alignnone size-thumbnail wp-image-22274\" src=\"https:\/\/sspo.gob.mx\/wp-content\/uploads\/2017\/01\/Diapositiva2-2-150x150.jpg\" alt=\"\" width=\"150\" height=\"150\" \/><\/a> <a href=\"https:\/\/sspo.gob.mx\/wp-content\/uploads\/2017\/01\/Diapositiva3.jpg\"><img loading=\"lazy\" decoding=\"async\" class=\"alignnone size-thumbnail wp-image-22275\" src=\"https:\/\/sspo.gob.mx\/wp-content\/uploads\/2017\/01\/Diapositiva3-150x150.jpg\" alt=\"\" width=\"150\" height=\"150\" \/><\/a> <a href=\"https:\/\/sspo.gob.mx\/wp-content\/uploads\/2017\/01\/Diapositiva4-1.jpg\"><img loading=\"lazy\" decoding=\"async\" class=\"alignnone size-thumbnail wp-image-22276\" src=\"https:\/\/sspo.gob.mx\/wp-content\/uploads\/2017\/01\/Diapositiva4-1-150x150.jpg\" alt=\"\" width=\"150\" height=\"150\" \/><\/a> <a href=\"https:\/\/sspo.gob.mx\/wp-content\/uploads\/2017\/01\/Diapositiva5-1.jpg\"><img loading=\"lazy\" decoding=\"async\" class=\"alignnone size-thumbnail wp-image-22277\" src=\"https:\/\/sspo.gob.mx\/wp-content\/uploads\/2017\/01\/Diapositiva5-1-150x150.jpg\" alt=\"\" width=\"150\" height=\"150\" \/><\/a><\/p>\n","protected":false},"excerpt":{"rendered":"<p>El Servicio de Emergencia 9-1-1 coordin\u00f3 la detenci\u00f3n que cuerpos policiales municipales llevaron a cabo en Salina Cruz, luego de<\/p>\n","protected":false},"author":2,"featured_media":22277,"comment_status":"closed","ping_status":"open","sticky":false,"template":"","format":"standard","meta":{"footnotes":""},"categories":[7],"tags":[],"_links":{"self":[{"href":"https:\/\/www.sspo.gob.mx\/index.php?rest_route=\/wp\/v2\/posts\/22272"}],"collection":[{"href":"https:\/\/www.sspo.gob.mx\/index.php?rest_route=\/wp\/v2\/posts"}],"about":[{"href":"https:\/\/www.sspo.gob.mx\/index.php?rest_route=\/wp\/v2\/types\/post"}],"author":[{"embeddable":true,"href":"https:\/\/www.sspo.gob.mx\/index.php?rest_route=\/wp\/v2\/users\/2"}],"replies":[{"embeddable":true,"href":"https:\/\/www.sspo.gob.mx\/index.php?rest_route=%2Fwp%2Fv2%2Fcomments&post=22272"}],"version-history":[{"count":1,"href":"https:\/\/www.sspo.gob.mx\/index.php?rest_route=\/wp\/v2\/posts\/22272\/revisions"}],"predecessor-version":[{"id":22278,"href":"https:\/\/www.sspo.gob.mx\/index.php?rest_route=\/wp\/v2\/posts\/22272\/revisions\/22278"}],"wp:featuredmedia":[{"embeddable":true,"href":"https:\/\/www.sspo.gob.mx\/index.php?rest_route=\/wp\/v2\/media\/22277"}],"wp:attachment":[{"href":"https:\/\/www.sspo.gob.mx\/index.php?rest_route=%2Fwp%2Fv2%2Fmedia&parent=22272"}],"wp:term":[{"taxonomy":"category","embeddable":true,"href":"https:\/\/www.sspo.gob.mx\/index.php?rest_route=%2Fwp%2Fv2%2Fcategories&post=22272"},{"taxonomy":"post_tag","embeddable":true,"href":"https:\/\/www.sspo.gob.mx\/index.php?rest_route=%2Fwp%2Fv2%2Ftags&post=22272"}],"curies":[{"name":"wp","href":"https:\/\/api.w.org\/{rel}","templated":true}]}}