{"id":22394,"date":"2017-01-21T15:09:41","date_gmt":"2017-01-21T21:09:41","guid":{"rendered":"https:\/\/sspo.gob.mx\/?p=22394"},"modified":"2017-01-21T15:09:50","modified_gmt":"2017-01-21T21:09:50","slug":"por-portacion-ilegal-de-arma-de-fuego-policia-estatal-detiene-a-varon-en-salina-cruz","status":"publish","type":"post","link":"https:\/\/www.sspo.gob.mx\/?p=22394","title":{"rendered":"POR PORTACI\u00d3N ILEGAL DE ARMA DE FUEGO POLIC\u00cdA ESTATAL DETIENE A VAR\u00d3N EN SALINA CRUZ"},"content":{"rendered":"<p>La Comandancia Regional del Istmo de Tehuantepec dio a conocer que siendo las 22:30 horas del viernes, efectivos de la Polic\u00eda Estatal de la Secretar\u00eda de Seguridad P\u00fablica de Oaxaca (SSPO), detuvieron a un sujeto por violaci\u00f3n a la Ley Federal de Armas de Fuego y Explosivos.<\/p>\n<p>Lo anterior ocurri\u00f3 cuando los oficiales realizaban recorridos de seguridad y vigilancia sobre la carretera local que conduce a la agencia municipal de Ensenada Bah\u00eda la Ventosa, en la Ciudad de Salina Cruz, justo al circular a la altura del campo de futbol.<\/p>\n<p>En el sitio se realiz\u00f3 la inspecci\u00f3n del veh\u00edculo de motor marca Nissan, tipo Tsuru, color rojo, con placas de circulaci\u00f3n TLL-31-31 del estado, en cuyo interior se hall\u00f3 un arma de fuego tipo pistola, marca Colt, calibre 45 mm, con un cargador met\u00e1lico sin cartuchos.<\/p>\n<p>El conductor de la unidad dijo llamarse <strong>Geovanny A. M. C.<\/strong>, de 28 a\u00f1os de edad, a quien se le pregunt\u00f3 si contaba con la documentaci\u00f3n necesaria para la portaci\u00f3n o transportaci\u00f3n del arma de fuego, sin embargo manifest\u00f3 no contar con ning\u00fan documento de registro.<\/p>\n<p>Por tal antecedente se procedi\u00f3 a asegurar el arma de fuego, as\u00ed como al se\u00f1alado y a la unidad de motor para ser puestos a disposici\u00f3n del Agente del Ministerio P\u00fablico de la Federaci\u00f3n de Salina Cruz, en donde se determinar\u00e1 lo procedente.<\/p>\n<p><img decoding=\"async\" src=\"https:\/\/sspo.gob.mx\/wp-content\/uploads\/2017\/01\/armado-1.jpg\" \/><\/p>\n<p><img decoding=\"async\" src=\"https:\/\/sspo.gob.mx\/wp-content\/uploads\/2017\/01\/arma-de-fuego.jpg\" \/><\/p>\n","protected":false},"excerpt":{"rendered":"<p>La Comandancia Regional del Istmo de Tehuantepec dio a conocer que siendo las 22:30 horas del viernes, efectivos de la<\/p>\n","protected":false},"author":2,"featured_media":22395,"comment_status":"closed","ping_status":"open","sticky":false,"template":"","format":"standard","meta":{"footnotes":""},"categories":[7],"tags":[],"_links":{"self":[{"href":"https:\/\/www.sspo.gob.mx\/index.php?rest_route=\/wp\/v2\/posts\/22394"}],"collection":[{"href":"https:\/\/www.sspo.gob.mx\/index.php?rest_route=\/wp\/v2\/posts"}],"about":[{"href":"https:\/\/www.sspo.gob.mx\/index.php?rest_route=\/wp\/v2\/types\/post"}],"author":[{"embeddable":true,"href":"https:\/\/www.sspo.gob.mx\/index.php?rest_route=\/wp\/v2\/users\/2"}],"replies":[{"embeddable":true,"href":"https:\/\/www.sspo.gob.mx\/index.php?rest_route=%2Fwp%2Fv2%2Fcomments&post=22394"}],"version-history":[{"count":1,"href":"https:\/\/www.sspo.gob.mx\/index.php?rest_route=\/wp\/v2\/posts\/22394\/revisions"}],"predecessor-version":[{"id":22398,"href":"https:\/\/www.sspo.gob.mx\/index.php?rest_route=\/wp\/v2\/posts\/22394\/revisions\/22398"}],"wp:featuredmedia":[{"embeddable":true,"href":"https:\/\/www.sspo.gob.mx\/index.php?rest_route=\/wp\/v2\/media\/22395"}],"wp:attachment":[{"href":"https:\/\/www.sspo.gob.mx\/index.php?rest_route=%2Fwp%2Fv2%2Fmedia&parent=22394"}],"wp:term":[{"taxonomy":"category","embeddable":true,"href":"https:\/\/www.sspo.gob.mx\/index.php?rest_route=%2Fwp%2Fv2%2Fcategories&post=22394"},{"taxonomy":"post_tag","embeddable":true,"href":"https:\/\/www.sspo.gob.mx\/index.php?rest_route=%2Fwp%2Fv2%2Ftags&post=22394"}],"curies":[{"name":"wp","href":"https:\/\/api.w.org\/{rel}","templated":true}]}}