{"id":22417,"date":"2017-01-23T16:19:40","date_gmt":"2017-01-23T22:19:40","guid":{"rendered":"https:\/\/sspo.gob.mx\/?p=22417"},"modified":"2017-01-23T16:21:06","modified_gmt":"2017-01-23T22:21:06","slug":"reitera-gobernador-alejandro-murat-compromiso-con-policias-de-la-sspo","status":"publish","type":"post","link":"https:\/\/www.sspo.gob.mx\/?p=22417","title":{"rendered":"REITERA GOBERNADOR ALEJANDRO MURAT COMPROMISO CON POLIC\u00cdAS DE LA SSPO"},"content":{"rendered":"<p>*** En el marco \u00a0del festejo por el D\u00eda del Polic\u00eda, el Gobernador del Estado destac\u00f3 adem\u00e1s la efectiva capacitaci\u00f3n de las fuerzas estatales<\/p>\n<p>*** \u201cReconozco la labor que desempe\u00f1an, la presencia policial se nota y juntos estamos construyendo el cambio que la sociedad demanda\u201d: Capit\u00e1n Jos\u00e9 Raymundo Tu\u00f1\u00f3n J\u00e1uregui<\/p>\n<p>La Secretar\u00eda de Seguridad P\u00fablica de Oaxaca, realiz\u00f3 este lunes una ceremonia-desayuno en el marco de los festejos por el D\u00eda del Polic\u00eda, en donde el Gobernador del Estado, Maestro Alejandro Murat, acompa\u00f1ado por el Capit\u00e1n Jos\u00e9 Raymundo Tu\u00f1\u00f3n J\u00e1uregui, Secretario de la SSPO, felicit\u00f3 a los elementos encargados de la seguridad de los oaxaque\u00f1os.<\/p>\n<p>Asimismo en el discurso dirigido a las fuerzas estatales, el mandatario estatal agreg\u00f3 que \u201cgracias a ustedes los 3.9 millones de oaxaque\u00f1os tenemos seguridad, primero en la integridad f\u00edsica y segundo en la patrimonial. Tengo claro que ustedes son mujeres y hombres de 24 horas, con una lealtad intachable para Oaxaca, por eso vengo primero a agradecerles, y a decirles que no est\u00e1n solos\u201d.<\/p>\n<p>Destac\u00f3 adem\u00e1s el trabajo realizado en el primer curso de endurecimiento en el Instituto de Profesionalizaci\u00f3n, mismo que culmin\u00f3 este fin de semana, al tiempo que anunci\u00f3 la segunda generaci\u00f3n que estar\u00e1 conformada por 80 integrantes de la SSPO.<\/p>\n<p>\u201cQue no quede duda de que mi gobierno, har\u00e1 lo que sea necesario para que cuando ustedes salgan tengan los elementos pero especialmente la certeza de que est\u00e1n a la altura de enfrentar a cualquiera y que regresar\u00e1n con bien con sus familias y con sus hijos\u201d, subray\u00f3.<\/p>\n<p>De la misma manera, en su oportunidad el titular de la Secretar\u00eda de Seguridad P\u00fablica (SSPO), Capit\u00e1n Jos\u00e9 Raymundo Tu\u00f1\u00f3n J\u00e1uregui, agreg\u00f3 que se necesitan polic\u00edas especializados que se capaciten, que sean profesionales en su servicio y que vuelvan a sentirse orgullosos de lo que representan, lo cual es prioridad desde el primer d\u00eda de la administraci\u00f3n.<\/p>\n<p>\u201cConocemos de la capacidad y entrega de las fuerzas estatales de seguridad, pues cuando se lo proponen dejan constancia del alto sentido de vocaci\u00f3n por el servicio y por volver a este estado, un Oaxaca seguro. Los felicito una vez m\u00e1s y reconozco la labor que desempe\u00f1an; la presencia policial se nota y juntos estamos construyendo el cambio que la sociedad demanda\u201d, sostuvo.<\/p>\n<p>En el mismo tenor, el Capit\u00e1n Jos\u00e9 S\u00e1nchez Saldierna, Comisionado de la Polic\u00eda Estatal,\u00a0 reconoci\u00f3 la labor que d\u00eda con d\u00eda realizan los elementos de la corporaci\u00f3n, \u201cque no quepa la menor duda de que Oaxaca cuenta hoy con un grupo policiaco comprometido y participativo en el progreso del estado\u201d, enfatiz\u00f3.<\/p>\n<p>Finalmente el oficial H\u00e9ctor Antonio Navarro, exhort\u00f3 a sus compa\u00f1eros de armas a seguir trabajando unidos con responsabilidad, enalteciendo los principios de legalidad, objetividad, eficiencia, profesionalismos, honradez y respeto a los derechos humanos que se encuentran reconocidos en nuestra carta magna.<\/p>\n<p>Durante el acto protocolario estuvieron presentes adem\u00e1s Javier Lazcano Vargas, Jefe de la Oficina de la Gubernatura; Mar\u00eda Concepci\u00f3n Monreal Tovar, Subsecretaria de Prevenci\u00f3n y Reinserci\u00f3n Social; Edgar Manuel Gonz\u00e1les Contreras, Subsecretario de Informaci\u00f3n y Desarrollo Institucional (SIDI); as\u00ed como Jos\u00e9 Guzm\u00e1n Santos, Director General de la Polic\u00eda Vial Estatal y el Comandante Gersa\u00edn Varela Garc\u00eda, Director de la Polic\u00eda Auxiliar, Bancaria, Industrial y Comercial (PABIC).<\/p>\n<p><img decoding=\"async\" src=\"https:\/\/sspo.gob.mx\/wp-content\/uploads\/2017\/01\/D%C3%8DA-POLIC%C3%8DA2-1024x683.jpeg\" \/><\/p>\n<p><img decoding=\"async\" src=\"https:\/\/sspo.gob.mx\/wp-content\/uploads\/2017\/01\/DSC_5008.jpg\" \/><\/p>\n<p><img decoding=\"async\" src=\"https:\/\/sspo.gob.mx\/wp-content\/uploads\/2017\/01\/DSC_5017-1024x683.jpg\" \/><\/p>\n<p><img decoding=\"async\" src=\"https:\/\/sspo.gob.mx\/wp-content\/uploads\/2017\/01\/C23sfQ1UUAATj5--1024x683.jpg\" \/><\/p>\n","protected":false},"excerpt":{"rendered":"<p>*** En el marco \u00a0del festejo por el D\u00eda del Polic\u00eda, el Gobernador del Estado destac\u00f3 adem\u00e1s la efectiva capacitaci\u00f3n<\/p>\n","protected":false},"author":2,"featured_media":22420,"comment_status":"closed","ping_status":"open","sticky":false,"template":"","format":"standard","meta":{"footnotes":""},"categories":[7],"tags":[],"_links":{"self":[{"href":"https:\/\/www.sspo.gob.mx\/index.php?rest_route=\/wp\/v2\/posts\/22417"}],"collection":[{"href":"https:\/\/www.sspo.gob.mx\/index.php?rest_route=\/wp\/v2\/posts"}],"about":[{"href":"https:\/\/www.sspo.gob.mx\/index.php?rest_route=\/wp\/v2\/types\/post"}],"author":[{"embeddable":true,"href":"https:\/\/www.sspo.gob.mx\/index.php?rest_route=\/wp\/v2\/users\/2"}],"replies":[{"embeddable":true,"href":"https:\/\/www.sspo.gob.mx\/index.php?rest_route=%2Fwp%2Fv2%2Fcomments&post=22417"}],"version-history":[{"count":1,"href":"https:\/\/www.sspo.gob.mx\/index.php?rest_route=\/wp\/v2\/posts\/22417\/revisions"}],"predecessor-version":[{"id":22430,"href":"https:\/\/www.sspo.gob.mx\/index.php?rest_route=\/wp\/v2\/posts\/22417\/revisions\/22430"}],"wp:featuredmedia":[{"embeddable":true,"href":"https:\/\/www.sspo.gob.mx\/index.php?rest_route=\/wp\/v2\/media\/22420"}],"wp:attachment":[{"href":"https:\/\/www.sspo.gob.mx\/index.php?rest_route=%2Fwp%2Fv2%2Fmedia&parent=22417"}],"wp:term":[{"taxonomy":"category","embeddable":true,"href":"https:\/\/www.sspo.gob.mx\/index.php?rest_route=%2Fwp%2Fv2%2Fcategories&post=22417"},{"taxonomy":"post_tag","embeddable":true,"href":"https:\/\/www.sspo.gob.mx\/index.php?rest_route=%2Fwp%2Fv2%2Ftags&post=22417"}],"curies":[{"name":"wp","href":"https:\/\/api.w.org\/{rel}","templated":true}]}}