{"id":22674,"date":"2017-02-02T13:33:29","date_gmt":"2017-02-02T19:33:29","guid":{"rendered":"https:\/\/sspo.gob.mx\/?p=22674"},"modified":"2017-02-02T13:33:35","modified_gmt":"2017-02-02T19:33:35","slug":"confirma-sspo-recaptura-de-sentenciado-que-se-fugo-de-cereso-en-pochutla","status":"publish","type":"post","link":"https:\/\/www.sspo.gob.mx\/?p=22674","title":{"rendered":"CONFIRMA SSPO RECAPTURA DE SENTENCIADO QUE SE FUG\u00d3 DE CERESO EN POCHUTLA"},"content":{"rendered":"<p>La Secretar\u00eda de Seguridad P\u00fablica de Oaxaca (SSPO) confirm\u00f3 que gracias a la movilizaci\u00f3n policial oportuna y a la colaboraci\u00f3n ciudadana, la persona sentenciada que se dio a la fuga del Centro de Reinserci\u00f3n Social (CERESO) de San Pedro Pochutla, fue recapturada la tarde de este jueves en inmediaciones de Zimatl\u00e1n de \u00c1lvarez.<\/p>\n<p>En su momento, la Subsecretar\u00eda de Prevenci\u00f3n y Reinserci\u00f3n Social dio a conocer que Humberto Aguilera Guij\u00f3n o Jorge Varela, sentenciado por el delito de robo espec\u00edfico, se dio a la fuga de ese centro, aparentemente durante la noche del pasado mi\u00e9rcoles o madrugada de este jueves, lo que se confirm\u00f3 durante el pase de lista matutino.<\/p>\n<p>No obstante, alrededor del mediod\u00eda de hoy, tras haberse recibido un reporte en el Servicio de Emergencias 9-1-1, dicha persona fue reaprehendida en el municipio de Santa Gertrudis, Zimatl\u00e1n.<\/p>\n<p>Al respecto, el titular de la SSPO, Capit\u00e1n Jos\u00e9 Raymundo Tu\u00f1\u00f3n J\u00e1uregui, agradeci\u00f3 la colaboraci\u00f3n ciudadana e inform\u00f3 que se tomar\u00e1n las medidas necesarias para garantizar la seguridad y el orden en el Sistema Penitenciario Estatal.<\/p>\n<p>No obstante, las instancias investigadoras competentes trabajan en el caso para deslindar o fincar las responsabilidades consecuentes en contra de quien o quienes resulten responsables.<\/p>\n<p>Finalmente, la SSPO reitera su postura de que mediante la combinaci\u00f3n de esfuerzos y responsabilidades entre autoridades y ciudadan\u00eda, \u00a0es posible un Oaxaca Seguro.<\/p>\n<p><img decoding=\"async\" src=\"https:\/\/sspo.gob.mx\/wp-content\/uploads\/2017\/02\/02-1.jpg\" \/><\/p>\n","protected":false},"excerpt":{"rendered":"<p>La Secretar\u00eda de Seguridad P\u00fablica de Oaxaca (SSPO) confirm\u00f3 que gracias a la movilizaci\u00f3n policial oportuna y a la colaboraci\u00f3n<\/p>\n","protected":false},"author":2,"featured_media":22676,"comment_status":"closed","ping_status":"open","sticky":false,"template":"","format":"standard","meta":{"footnotes":""},"categories":[7],"tags":[],"_links":{"self":[{"href":"https:\/\/www.sspo.gob.mx\/index.php?rest_route=\/wp\/v2\/posts\/22674"}],"collection":[{"href":"https:\/\/www.sspo.gob.mx\/index.php?rest_route=\/wp\/v2\/posts"}],"about":[{"href":"https:\/\/www.sspo.gob.mx\/index.php?rest_route=\/wp\/v2\/types\/post"}],"author":[{"embeddable":true,"href":"https:\/\/www.sspo.gob.mx\/index.php?rest_route=\/wp\/v2\/users\/2"}],"replies":[{"embeddable":true,"href":"https:\/\/www.sspo.gob.mx\/index.php?rest_route=%2Fwp%2Fv2%2Fcomments&post=22674"}],"version-history":[{"count":1,"href":"https:\/\/www.sspo.gob.mx\/index.php?rest_route=\/wp\/v2\/posts\/22674\/revisions"}],"predecessor-version":[{"id":22679,"href":"https:\/\/www.sspo.gob.mx\/index.php?rest_route=\/wp\/v2\/posts\/22674\/revisions\/22679"}],"wp:featuredmedia":[{"embeddable":true,"href":"https:\/\/www.sspo.gob.mx\/index.php?rest_route=\/wp\/v2\/media\/22676"}],"wp:attachment":[{"href":"https:\/\/www.sspo.gob.mx\/index.php?rest_route=%2Fwp%2Fv2%2Fmedia&parent=22674"}],"wp:term":[{"taxonomy":"category","embeddable":true,"href":"https:\/\/www.sspo.gob.mx\/index.php?rest_route=%2Fwp%2Fv2%2Fcategories&post=22674"},{"taxonomy":"post_tag","embeddable":true,"href":"https:\/\/www.sspo.gob.mx\/index.php?rest_route=%2Fwp%2Fv2%2Ftags&post=22674"}],"curies":[{"name":"wp","href":"https:\/\/api.w.org\/{rel}","templated":true}]}}