{"id":22798,"date":"2017-02-09T09:48:32","date_gmt":"2017-02-09T15:48:32","guid":{"rendered":"https:\/\/sspo.gob.mx\/?p=22798"},"modified":"2017-02-09T09:48:53","modified_gmt":"2017-02-09T15:48:53","slug":"mas-de-6-mil-metros-cuadrados-de-plantaciones-de-amapola-fueron-destruidos-en-la-sierra-sur","status":"publish","type":"post","link":"https:\/\/www.sspo.gob.mx\/?p=22798","title":{"rendered":"M\u00c1S DE 6 MIL METROS CUADRADOS DE PLANTACIONES DE AMAPOLA FUERON DESTRUIDOS EN LA SIERRA SUR"},"content":{"rendered":"<p>La Secretar\u00eda de Seguridad P\u00fablica de Oaxaca (SSPO) inform\u00f3 que en apoyo a la Procuradur\u00eda General de la Rep\u00fablica (PGR) y a la Polic\u00eda Federal, el pasado mi\u00e9rcoles, efectivos de la Polic\u00eda Estatal realizaron la destrucci\u00f3n de m\u00e1s de 6 mil metros cuadrados de plantaciones de amapola en la poblaci\u00f3n de Santa Mar\u00eda Zaniza, Sola de Vega.<\/p>\n<p>&nbsp;<\/p>\n<p><img decoding=\"async\" src=\"https:\/\/sspo.gob.mx\/wp-content\/uploads\/2017\/02\/02-4-1.jpg\" \/><\/p>\n<p>&nbsp;<\/p>\n<p>Los elementos de la Direcci\u00f3n de Reacci\u00f3n y Alerta Inmediata de la Polic\u00eda Estatal, de la PGR y de la Polic\u00eda Federal dieron a conocer que alrededor de las 09:40 horas, salieron con destino a la localidad ubicada en la Sierra Sur.<\/p>\n<p>&nbsp;<\/p>\n<p>Fue a las 12:48 horas aproximadamente, cuando informaron que culminaron si novedad los trabajos para la destrucci\u00f3n de un plant\u00edo de amapola con medidas de 102 m de largo y 60 de ancho, con un total de superficie de 6 mil 120 m\u00b2.<\/p>\n<p>&nbsp;<\/p>\n<p>En tanto, la SSPO reafirma que continuar\u00e1 los trabajos conjuntos con instituciones de seguridad de los tres \u00f3rdenes de gobierno, en aras de mantener la paz y tranquilidad en el territorio estatal.<\/p>\n<p>&nbsp;<\/p>\n<p><img decoding=\"async\" src=\"https:\/\/sspo.gob.mx\/wp-content\/uploads\/2017\/02\/01-6-1.jpg\" \/><\/p>\n<p>&nbsp;<\/p>\n<p>Febrero 09 de 2017.<\/p>\n<p>&nbsp;<\/p>\n","protected":false},"excerpt":{"rendered":"<p>La Secretar\u00eda de Seguridad P\u00fablica de Oaxaca (SSPO) inform\u00f3 que en apoyo a la Procuradur\u00eda General de la Rep\u00fablica (PGR)<\/p>\n","protected":false},"author":2,"featured_media":22799,"comment_status":"closed","ping_status":"open","sticky":false,"template":"","format":"standard","meta":{"footnotes":""},"categories":[7],"tags":[],"_links":{"self":[{"href":"https:\/\/www.sspo.gob.mx\/index.php?rest_route=\/wp\/v2\/posts\/22798"}],"collection":[{"href":"https:\/\/www.sspo.gob.mx\/index.php?rest_route=\/wp\/v2\/posts"}],"about":[{"href":"https:\/\/www.sspo.gob.mx\/index.php?rest_route=\/wp\/v2\/types\/post"}],"author":[{"embeddable":true,"href":"https:\/\/www.sspo.gob.mx\/index.php?rest_route=\/wp\/v2\/users\/2"}],"replies":[{"embeddable":true,"href":"https:\/\/www.sspo.gob.mx\/index.php?rest_route=%2Fwp%2Fv2%2Fcomments&post=22798"}],"version-history":[{"count":2,"href":"https:\/\/www.sspo.gob.mx\/index.php?rest_route=\/wp\/v2\/posts\/22798\/revisions"}],"predecessor-version":[{"id":22804,"href":"https:\/\/www.sspo.gob.mx\/index.php?rest_route=\/wp\/v2\/posts\/22798\/revisions\/22804"}],"wp:featuredmedia":[{"embeddable":true,"href":"https:\/\/www.sspo.gob.mx\/index.php?rest_route=\/wp\/v2\/media\/22799"}],"wp:attachment":[{"href":"https:\/\/www.sspo.gob.mx\/index.php?rest_route=%2Fwp%2Fv2%2Fmedia&parent=22798"}],"wp:term":[{"taxonomy":"category","embeddable":true,"href":"https:\/\/www.sspo.gob.mx\/index.php?rest_route=%2Fwp%2Fv2%2Fcategories&post=22798"},{"taxonomy":"post_tag","embeddable":true,"href":"https:\/\/www.sspo.gob.mx\/index.php?rest_route=%2Fwp%2Fv2%2Ftags&post=22798"}],"curies":[{"name":"wp","href":"https:\/\/api.w.org\/{rel}","templated":true}]}}