{"id":22972,"date":"2017-02-13T14:31:57","date_gmt":"2017-02-13T20:31:57","guid":{"rendered":"https:\/\/sspo.gob.mx\/?p=22972"},"modified":"2017-02-13T14:31:57","modified_gmt":"2017-02-13T20:31:57","slug":"capacita-policia-vial-estatal-a-choferes-de-tuxtepec-en-manejo-a-la-defensiva","status":"publish","type":"post","link":"https:\/\/www.sspo.gob.mx\/?p=22972","title":{"rendered":"CAPACITA POLIC\u00cdA VIAL ESTATAL A CHOFERES DE TUXTEPEC EN MANEJO A LA DEFENSIVA"},"content":{"rendered":"<p>Por instrucciones del titular de la Secretar\u00eda de Seguridad P\u00fablica de Oaxaca (SSPO), Capit\u00e1n Jos\u00e9 Raymundo Tu\u00f1\u00f3n J\u00e1uregui, durante el fin de semana, personal de la Polic\u00eda Vial Estatal realiz\u00f3 una capacitaci\u00f3n sobre Educaci\u00f3n Vial y Manejo a la Defensiva en la ciudad de San Juan Bautista Tuxtepec.<\/p>\n<p><img decoding=\"async\" src=\"https:\/\/sspo.gob.mx\/wp-content\/uploads\/2017\/02\/Diapositiva1-4.jpg\" \/><\/p>\n<p>Lo anterior con la finalidad\u00a0 de prevenir accidentes viales en la zona, por lo cual, la actividad estuvo dirigida a los\u00a0 choferes\u00a0 de l\u00edneas\u00a0 transportes de servicios urbanos y suburbanos de la mencionada demarcaci\u00f3n.<\/p>\n<p>&nbsp;<\/p>\n<p>Cabe mencionar que la pl\u00e1tica que se realiz\u00f3 en las instalaciones de la sala de\u00a0 regidores del H. Ayuntamiento, se cont\u00f3 con la participaci\u00f3n de 31 choferes\u00a0 aproximadamente, mismos que fueron convocados por la delegaci\u00f3n de la Polic\u00eda Vial Estatal.<\/p>\n<p>&nbsp;<\/p>\n<p>Dicha capacitaci\u00f3n estuvo a cargo del Comandante Eliberio Rafael D\u00edaz Reyes y el polic\u00eda 1\u00ba Ren\u00e1n P\u00e9rez Mendoza con dos elementos m\u00e1s, \u00a0quienes reportaron la conclusi\u00f3n de la capacitaci\u00f3n sin novedad alguna.<\/p>\n<p><img decoding=\"async\" src=\"https:\/\/sspo.gob.mx\/wp-content\/uploads\/2017\/02\/Diapositiva3-4.jpg\" \/><\/p>\n<p>&nbsp;<\/p>\n<p>Febrero 13 de 2017.<\/p>\n","protected":false},"excerpt":{"rendered":"<p>Por instrucciones del titular de la Secretar\u00eda de Seguridad P\u00fablica de Oaxaca (SSPO), Capit\u00e1n Jos\u00e9 Raymundo Tu\u00f1\u00f3n J\u00e1uregui, durante el<\/p>\n","protected":false},"author":2,"featured_media":22974,"comment_status":"closed","ping_status":"open","sticky":false,"template":"","format":"standard","meta":{"footnotes":""},"categories":[7],"tags":[],"_links":{"self":[{"href":"https:\/\/www.sspo.gob.mx\/index.php?rest_route=\/wp\/v2\/posts\/22972"}],"collection":[{"href":"https:\/\/www.sspo.gob.mx\/index.php?rest_route=\/wp\/v2\/posts"}],"about":[{"href":"https:\/\/www.sspo.gob.mx\/index.php?rest_route=\/wp\/v2\/types\/post"}],"author":[{"embeddable":true,"href":"https:\/\/www.sspo.gob.mx\/index.php?rest_route=\/wp\/v2\/users\/2"}],"replies":[{"embeddable":true,"href":"https:\/\/www.sspo.gob.mx\/index.php?rest_route=%2Fwp%2Fv2%2Fcomments&post=22972"}],"version-history":[{"count":1,"href":"https:\/\/www.sspo.gob.mx\/index.php?rest_route=\/wp\/v2\/posts\/22972\/revisions"}],"predecessor-version":[{"id":22976,"href":"https:\/\/www.sspo.gob.mx\/index.php?rest_route=\/wp\/v2\/posts\/22972\/revisions\/22976"}],"wp:featuredmedia":[{"embeddable":true,"href":"https:\/\/www.sspo.gob.mx\/index.php?rest_route=\/wp\/v2\/media\/22974"}],"wp:attachment":[{"href":"https:\/\/www.sspo.gob.mx\/index.php?rest_route=%2Fwp%2Fv2%2Fmedia&parent=22972"}],"wp:term":[{"taxonomy":"category","embeddable":true,"href":"https:\/\/www.sspo.gob.mx\/index.php?rest_route=%2Fwp%2Fv2%2Fcategories&post=22972"},{"taxonomy":"post_tag","embeddable":true,"href":"https:\/\/www.sspo.gob.mx\/index.php?rest_route=%2Fwp%2Fv2%2Ftags&post=22972"}],"curies":[{"name":"wp","href":"https:\/\/api.w.org\/{rel}","templated":true}]}}