{"id":23509,"date":"2017-02-26T10:49:37","date_gmt":"2017-02-26T16:49:37","guid":{"rendered":"https:\/\/sspo.gob.mx\/?p=23509"},"modified":"2017-02-26T10:49:37","modified_gmt":"2017-02-26T16:49:37","slug":"por-violacion-a-la-ley-federal-de-armas-de-fuego-y-delitos-contra-la-salud-detienen-a-dos-sujetos-sspo","status":"publish","type":"post","link":"https:\/\/www.sspo.gob.mx\/?p=23509","title":{"rendered":"POR VIOLACI\u00d3N A LA LEY FEDERAL DE ARMAS DE FUEGO Y DELITOS CONTRA LA SALUD, DETIENEN A DOS SUJETOS: SSPO"},"content":{"rendered":"<p><strong>*** <\/strong>Los hechos se registran de manera separada en las regiones de la Costa y Valles Centrales<\/p>\n<p>Durante las primeras horas de este domingo, polic\u00edas estatales de la Secretar\u00eda de Seguridad P\u00fablica de Oaxaca, procedieron a la detenci\u00f3n \u2013de manera separada- de dos sujetos por violaci\u00f3n a la Ley Federal de Armas de Fuego y Explosivos, y delitos contra la salud en las regiones de la Costa y Valles Centrales.<\/p>\n<p>La primera acci\u00f3n se registr\u00f3 alrededor de las 00:40 horas, cuando efectivos realizaban recorridos de seguridad y vigilancia sobre riveras del R\u00edo Atoyac, a la altura de San Jacinto Amilpas.<\/p>\n<p>En el lugar realizaron la detenci\u00f3n de una persona del sexo masculino de nombre <strong>Jes\u00fas A. T. Z.<\/strong>, de 35 a\u00f1os de edad, quien portaba una pistola escuadra calibre 380mm, sin el permiso correspondiente.<\/p>\n<p>M\u00e1s tarde, en la regi\u00f3n de la Costa, aproximadamente a las 03:20 horas fue detenido <strong>Irineo V. C.<\/strong>, de 18 a\u00f1os de edad, sobre la avenida Alfonso P\u00e9rez Gasga, esquina con Marina Nacional del sector Hidalgo, Puerto Escondido.<\/p>\n<p>Lo anterior debido a que portaba una pistola de juguete color negra con blanco modelo k-62 y dos envoltorios de nylon conteniendo un su interior un polvo, blanco al parecer coca\u00edna.<\/p>\n<p>Por tales antecedentes ambos sujetos fueron abordados y trasladados para su certificaci\u00f3n m\u00e9dica y posterior puesta a disposici\u00f3n de la autoridad correspondiente.<\/p>\n<p><img decoding=\"async\" src=\"https:\/\/sspo.gob.mx\/wp-content\/uploads\/2017\/02\/Diapositiva2-4-2.jpg\" \/><\/p>\n<p><img decoding=\"async\" src=\"https:\/\/sspo.gob.mx\/wp-content\/uploads\/2017\/02\/Irineo-V.-C.jpg\" \/><\/p>\n<p>Febrero 26 de 2017.<\/p>\n","protected":false},"excerpt":{"rendered":"<p>*** Los hechos se registran de manera separada en las regiones de la Costa y Valles Centrales Durante las primeras<\/p>\n","protected":false},"author":2,"featured_media":23510,"comment_status":"closed","ping_status":"open","sticky":false,"template":"","format":"standard","meta":{"footnotes":""},"categories":[7],"tags":[],"_links":{"self":[{"href":"https:\/\/www.sspo.gob.mx\/index.php?rest_route=\/wp\/v2\/posts\/23509"}],"collection":[{"href":"https:\/\/www.sspo.gob.mx\/index.php?rest_route=\/wp\/v2\/posts"}],"about":[{"href":"https:\/\/www.sspo.gob.mx\/index.php?rest_route=\/wp\/v2\/types\/post"}],"author":[{"embeddable":true,"href":"https:\/\/www.sspo.gob.mx\/index.php?rest_route=\/wp\/v2\/users\/2"}],"replies":[{"embeddable":true,"href":"https:\/\/www.sspo.gob.mx\/index.php?rest_route=%2Fwp%2Fv2%2Fcomments&post=23509"}],"version-history":[{"count":1,"href":"https:\/\/www.sspo.gob.mx\/index.php?rest_route=\/wp\/v2\/posts\/23509\/revisions"}],"predecessor-version":[{"id":23512,"href":"https:\/\/www.sspo.gob.mx\/index.php?rest_route=\/wp\/v2\/posts\/23509\/revisions\/23512"}],"wp:featuredmedia":[{"embeddable":true,"href":"https:\/\/www.sspo.gob.mx\/index.php?rest_route=\/wp\/v2\/media\/23510"}],"wp:attachment":[{"href":"https:\/\/www.sspo.gob.mx\/index.php?rest_route=%2Fwp%2Fv2%2Fmedia&parent=23509"}],"wp:term":[{"taxonomy":"category","embeddable":true,"href":"https:\/\/www.sspo.gob.mx\/index.php?rest_route=%2Fwp%2Fv2%2Fcategories&post=23509"},{"taxonomy":"post_tag","embeddable":true,"href":"https:\/\/www.sspo.gob.mx\/index.php?rest_route=%2Fwp%2Fv2%2Ftags&post=23509"}],"curies":[{"name":"wp","href":"https:\/\/api.w.org\/{rel}","templated":true}]}}