{"id":23945,"date":"2017-03-15T13:42:21","date_gmt":"2017-03-15T19:42:21","guid":{"rendered":"https:\/\/sspo.gob.mx\/?p=23945"},"modified":"2017-03-15T13:42:21","modified_gmt":"2017-03-15T19:42:21","slug":"coordinan-sspo-y-embajada-de-los-estados-unidos-en-mexico-fortalecimiento-del-programa-rector-de-profesionalizacion-policial","status":"publish","type":"post","link":"https:\/\/www.sspo.gob.mx\/?p=23945","title":{"rendered":"COORDINAN SSPO Y EMBAJADA DE LOS ESTADOS UNIDOS EN M\u00c9XICO, FORTALECIMIENTO DEL PROGRAMA RECTOR DE PROFESIONALIZACI\u00d3N POLICIAL"},"content":{"rendered":"<p>Esta ma\u00f1ana, el Secretario de Seguridad P\u00fablica de Oaxaca (SSPO), Capit\u00e1n Jos\u00e9 Raymundo Tu\u00f1\u00f3n J\u00e1uregui, sostuvo una reuni\u00f3n con el Coordinador del Programa de Profesionalizaci\u00f3n Policial de la Embajada de los Estados Unidos en M\u00e9xico, Licenciado Jos\u00e9 Luis Copil Meneses; para aliar esfuerzos y redoblar las capacidades de los elementos de las instituciones policiales de la entidad y con ello permitir el mejor desempe\u00f1o de sus actividades en beneficio de la poblaci\u00f3n.<\/p>\n<p>Acompa\u00f1aron al funcionario en el encuentro, los titulares del Sistema de Desarrollo Policial (SIDEPOL), del Instituto de Profesionalizaci\u00f3n Policial, de la Direcci\u00f3n General de Asuntos Jur\u00eddicos (DGAJ), de la Direcci\u00f3n General de Asuntos Internos (DGAI), del Centro de Control, Comando y Comunicaci\u00f3n (C4),\u00a0 as\u00ed como del Centro de Evaluaci\u00f3n y Control de Confianza (C3), dependiente del Secretariado Ejecutivo del Sistema Estatal de Seguridad P\u00fablica de Oaxaca.<\/p>\n<p>Para hacer efectivas las competencias de los elementos de la polic\u00eda de Oaxaca y asegurarse que reciban el entrenamiento que los mantenga preparados y actualizados, a fin de que cumplan sus responsabilidades de forma eficaz y eficiente, se propuso la coordinaci\u00f3n y programaci\u00f3n de cursos durante todo el a\u00f1o.<\/p>\n<p>Entre estos destacan los de Habilidades B\u00e1sicas para la Polic\u00eda Estatal y sus divisiones, que ser\u00edan impartidos por agentes retirados y calificados de la Administraci\u00f3n para el Control de Drogas y\u00a0 del Bur\u00f3 Federal de Investigaciones \u00a0(DEA y FBI, respectivamente, por sus siglas en ingl\u00e9s).<\/p>\n<p>Se contempla tambi\u00e9n al personal en general del Instituto de Profesionalizaci\u00f3n, con las capacitaciones Formaci\u00f3n de instructores, Evaluaci\u00f3n de cursos y Desarrollo de curr\u00edculo. En cuanto que a la DGAI competen los cursos de Investigaci\u00f3n; y los de Especializaci\u00f3n y Supervisi\u00f3n de l\u00ednea, al C3.<\/p>\n<p>Como parte de las mismas acciones para apoyar la creaci\u00f3n de estrategias y la homologaci\u00f3n de las capacidades de las instituciones de seguridad en las tres ramas del gobierno, el Capit\u00e1n Jos\u00e9 Raymundo Tu\u00f1\u00f3n J\u00e1uregui, fue invitado a formar parte de la Conferencia Internacional de Jefes de Polic\u00eda, al que acudir\u00e1n Secretarios de Seguridad P\u00fablica de todo el pa\u00eds.<\/p>\n<p>Lo mismo que a la Reuni\u00f3n Nacional de Academias de Polic\u00eda, a realizarse los pr\u00f3ximos 01 y 02 de junio del a\u00f1o corriente en la Ciudad de M\u00e9xico.<\/p>\n<p>Con ello, la SSPO conjuga voluntades para dar fuerza al Programa Rector de Profesionalizaci\u00f3n Policial, una de las directrices de la actual administraci\u00f3n que mandata el combate a la delincuencia en un marco de legalidad y respeto a los derechos humanos.<\/p>\n<p><img decoding=\"async\" src=\"https:\/\/sspo.gob.mx\/wp-content\/uploads\/2017\/03\/4-2-1-1024x576.jpg\" \/><\/p>\n<p><img decoding=\"async\" src=\"https:\/\/sspo.gob.mx\/wp-content\/uploads\/2017\/03\/3-2-1-1024x576.jpg\" \/><\/p>\n<p><img decoding=\"async\" src=\"https:\/\/sspo.gob.mx\/wp-content\/uploads\/2017\/03\/2-6-1024x576.jpg\" \/><\/p>\n<p><img decoding=\"async\" src=\"https:\/\/sspo.gob.mx\/wp-content\/uploads\/2017\/03\/2-6-1024x576.jpg\" \/><\/p>\n","protected":false},"excerpt":{"rendered":"<p>Esta ma\u00f1ana, el Secretario de Seguridad P\u00fablica de Oaxaca (SSPO), Capit\u00e1n Jos\u00e9 Raymundo Tu\u00f1\u00f3n J\u00e1uregui, sostuvo una reuni\u00f3n con el<\/p>\n","protected":false},"author":2,"featured_media":23946,"comment_status":"closed","ping_status":"open","sticky":false,"template":"","format":"standard","meta":{"footnotes":""},"categories":[7],"tags":[],"_links":{"self":[{"href":"https:\/\/www.sspo.gob.mx\/index.php?rest_route=\/wp\/v2\/posts\/23945"}],"collection":[{"href":"https:\/\/www.sspo.gob.mx\/index.php?rest_route=\/wp\/v2\/posts"}],"about":[{"href":"https:\/\/www.sspo.gob.mx\/index.php?rest_route=\/wp\/v2\/types\/post"}],"author":[{"embeddable":true,"href":"https:\/\/www.sspo.gob.mx\/index.php?rest_route=\/wp\/v2\/users\/2"}],"replies":[{"embeddable":true,"href":"https:\/\/www.sspo.gob.mx\/index.php?rest_route=%2Fwp%2Fv2%2Fcomments&post=23945"}],"version-history":[{"count":1,"href":"https:\/\/www.sspo.gob.mx\/index.php?rest_route=\/wp\/v2\/posts\/23945\/revisions"}],"predecessor-version":[{"id":23952,"href":"https:\/\/www.sspo.gob.mx\/index.php?rest_route=\/wp\/v2\/posts\/23945\/revisions\/23952"}],"wp:featuredmedia":[{"embeddable":true,"href":"https:\/\/www.sspo.gob.mx\/index.php?rest_route=\/wp\/v2\/media\/23946"}],"wp:attachment":[{"href":"https:\/\/www.sspo.gob.mx\/index.php?rest_route=%2Fwp%2Fv2%2Fmedia&parent=23945"}],"wp:term":[{"taxonomy":"category","embeddable":true,"href":"https:\/\/www.sspo.gob.mx\/index.php?rest_route=%2Fwp%2Fv2%2Fcategories&post=23945"},{"taxonomy":"post_tag","embeddable":true,"href":"https:\/\/www.sspo.gob.mx\/index.php?rest_route=%2Fwp%2Fv2%2Ftags&post=23945"}],"curies":[{"name":"wp","href":"https:\/\/api.w.org\/{rel}","templated":true}]}}