{"id":24170,"date":"2017-03-27T16:33:25","date_gmt":"2017-03-27T22:33:25","guid":{"rendered":"https:\/\/sspo.gob.mx\/?p=24170"},"modified":"2017-03-27T16:33:25","modified_gmt":"2017-03-27T22:33:25","slug":"por-posesion-ilegal-de-un-arma-de-fuego-sujeto-es-detenido-en-la-cuenca","status":"publish","type":"post","link":"https:\/\/www.sspo.gob.mx\/?p=24170","title":{"rendered":"POR POSESI\u00d3N ILEGAL DE UN ARMA DE FUEGO, SUJETO ES DETENIDO EN LA CUENCA"},"content":{"rendered":"<p>Por presuntos delitos contra la Ley Federal de Armas de Fuego y Explosivos, una persona del sexo masculino fue consignada ante las autoridades pertinentes como resultado del fortalecimiento de las acciones de seguridad en la entidad.<\/p>\n<p><img decoding=\"async\" src=\"https:\/\/sspo.gob.mx\/wp-content\/uploads\/2017\/03\/2-1-6.jpg\" \/><\/p>\n<p>La Secretar\u00eda de Seguridad P\u00fablica de Oaxaca (SSPO), informa que los hechos ocurrieron alrededor de las 13:15 horas de este lunes, cuando elementos de la Polic\u00eda Estatal realizaban un patrullaje de prevenci\u00f3n, disuasi\u00f3n, seguridad y vigilancia sobre la Carretera Federal 182.<\/p>\n<p>Durante dicho despliegue, los uniformados localizaron a un sujeto circulando a bordo de una motocicleta Suzuki a la altura de la desviaci\u00f3n que conduce a San Lucas Ojitl\u00e1n, perteneciente al distrito de San Juan Bautista Tuxtepec.<\/p>\n<p><img decoding=\"async\" src=\"https:\/\/sspo.gob.mx\/wp-content\/uploads\/2017\/03\/1-1-5.jpg\" \/><\/p>\n<p>Como parte de los protocolos de prevenci\u00f3n y seguridad, los oficiales procedieron a marcarle el alto y una vez identificados plenamente como elementos de la Polic\u00eda Estatal, realizaron la inspecci\u00f3n correspondiente tanto a su persona como a sus pertenencias, localizando as\u00ed una pistola calibre 38 Special, cuyo cargador met\u00e1lico estaba abastecido con 6 cartuchos \u00fatiles.<\/p>\n<p>Al no contar con la licencia que expide la Secretar\u00eda de la Defensa Nacional (SEDENA) para la posesi\u00f3n legal de dicho artefacto, quien se identifica como Ambrosio H. M., de 42 a\u00f1os de edad, result\u00f3 de tenido para quedar a disposici\u00f3n del Agente del Ministerio P\u00fablico, quien se encargar\u00e1 de efectuar la investigaci\u00f3n necesaria y determinar su situaci\u00f3n jur\u00eddica.<\/p>\n<p><img decoding=\"async\" src=\"https:\/\/sspo.gob.mx\/wp-content\/uploads\/2017\/03\/3-8.jpg\" \/><\/p>\n<p>Oaxaca de Ju\u00e1rez, Oaxaca, marzo 27 de 2017.<\/p>\n","protected":false},"excerpt":{"rendered":"<p>Por presuntos delitos contra la Ley Federal de Armas de Fuego y Explosivos, una persona del sexo masculino fue consignada<\/p>\n","protected":false},"author":2,"featured_media":24171,"comment_status":"closed","ping_status":"open","sticky":false,"template":"","format":"standard","meta":{"footnotes":""},"categories":[7],"tags":[],"_links":{"self":[{"href":"https:\/\/www.sspo.gob.mx\/index.php?rest_route=\/wp\/v2\/posts\/24170"}],"collection":[{"href":"https:\/\/www.sspo.gob.mx\/index.php?rest_route=\/wp\/v2\/posts"}],"about":[{"href":"https:\/\/www.sspo.gob.mx\/index.php?rest_route=\/wp\/v2\/types\/post"}],"author":[{"embeddable":true,"href":"https:\/\/www.sspo.gob.mx\/index.php?rest_route=\/wp\/v2\/users\/2"}],"replies":[{"embeddable":true,"href":"https:\/\/www.sspo.gob.mx\/index.php?rest_route=%2Fwp%2Fv2%2Fcomments&post=24170"}],"version-history":[{"count":1,"href":"https:\/\/www.sspo.gob.mx\/index.php?rest_route=\/wp\/v2\/posts\/24170\/revisions"}],"predecessor-version":[{"id":24174,"href":"https:\/\/www.sspo.gob.mx\/index.php?rest_route=\/wp\/v2\/posts\/24170\/revisions\/24174"}],"wp:featuredmedia":[{"embeddable":true,"href":"https:\/\/www.sspo.gob.mx\/index.php?rest_route=\/wp\/v2\/media\/24171"}],"wp:attachment":[{"href":"https:\/\/www.sspo.gob.mx\/index.php?rest_route=%2Fwp%2Fv2%2Fmedia&parent=24170"}],"wp:term":[{"taxonomy":"category","embeddable":true,"href":"https:\/\/www.sspo.gob.mx\/index.php?rest_route=%2Fwp%2Fv2%2Fcategories&post=24170"},{"taxonomy":"post_tag","embeddable":true,"href":"https:\/\/www.sspo.gob.mx\/index.php?rest_route=%2Fwp%2Fv2%2Ftags&post=24170"}],"curies":[{"name":"wp","href":"https:\/\/api.w.org\/{rel}","templated":true}]}}