{"id":24342,"date":"2017-04-03T12:25:57","date_gmt":"2017-04-03T18:25:57","guid":{"rendered":"https:\/\/sspo.gob.mx\/?p=24342"},"modified":"2017-04-03T12:25:57","modified_gmt":"2017-04-03T18:25:57","slug":"capacita-policia-vial-estatal-a-policias-municipales-de-san-pedro-pochutla","status":"publish","type":"post","link":"https:\/\/www.sspo.gob.mx\/?p=24342","title":{"rendered":"CAPACITA POLIC\u00cdA VIAL ESTATAL A POLIC\u00cdAS MUNICIPALES DE SAN PEDRO POCHUTLA"},"content":{"rendered":"<p>Teniendo como escenario la plazuela del Palacio Municipal del Ayuntamiento de San Pedro Pochutla, en la regi\u00f3n de la Costa, este lunes se realiz\u00f3 una ceremonia oficial para dar por iniciada la capacitaci\u00f3n de fuerzas municipales en materia de vialidad, por parte de personal de la Secretar\u00eda de Seguridad P\u00fablica de Oaxaca (SSPO), adscrito a la Polic\u00eda Vial Estatal.\u00a0<img decoding=\"async\" src=\"https:\/\/sspo.gob.mx\/wp-content\/uploads\/2017\/04\/2-2-1-1024x576.jpg\" \/><\/p>\n<p>&nbsp;<\/p>\n<p>Lo anterior con el objetivo de sumar esfuerzos estatales y municipales para formular, organizar y ejecutar planes, programas y acciones en materia de vialidad y transporte terrestre, as\u00ed como para coordinar y promover las medidas para salvaguardar la seguridad f\u00edsica y patrimonial de las personas que habitan el lugar.<\/p>\n<p><img decoding=\"async\" src=\"https:\/\/sspo.gob.mx\/wp-content\/uploads\/2017\/04\/4-2-1024x576.jpg\" \/><\/p>\n<p>&nbsp;<\/p>\n<p>Ser\u00e1n un total de 20 los uniformados municipales que durante una semana se capacitar\u00e1n en materias como disciplina y orden cerrado, seguridad vial y primer respondiente en hechos de tr\u00e1nsito.<\/p>\n<p>&nbsp;<\/p>\n<p>Durante el acto protocolario estuvieron presentes V\u00edctor Cruz V\u00e1squez, Presidente Municipal de San Pedro Pochutla y Jos\u00e9 Guzm\u00e1n Santos, Director General de la Polic\u00eda Vial Estatal, entre otras autoridades municipales.<\/p>\n<p><img decoding=\"async\" src=\"https:\/\/sspo.gob.mx\/wp-content\/uploads\/2017\/04\/1-2-1-1024x576.jpg\" \/><\/p>\n<p>&nbsp;<\/p>\n<p>Oaxaca de Ju\u00e1rez, Oaxaca, Abril 03 de 2017.<\/p>\n","protected":false},"excerpt":{"rendered":"<p>Teniendo como escenario la plazuela del Palacio Municipal del Ayuntamiento de San Pedro Pochutla, en la regi\u00f3n de la Costa,<\/p>\n","protected":false},"author":2,"featured_media":24344,"comment_status":"closed","ping_status":"open","sticky":false,"template":"","format":"standard","meta":{"footnotes":""},"categories":[7],"tags":[],"_links":{"self":[{"href":"https:\/\/www.sspo.gob.mx\/index.php?rest_route=\/wp\/v2\/posts\/24342"}],"collection":[{"href":"https:\/\/www.sspo.gob.mx\/index.php?rest_route=\/wp\/v2\/posts"}],"about":[{"href":"https:\/\/www.sspo.gob.mx\/index.php?rest_route=\/wp\/v2\/types\/post"}],"author":[{"embeddable":true,"href":"https:\/\/www.sspo.gob.mx\/index.php?rest_route=\/wp\/v2\/users\/2"}],"replies":[{"embeddable":true,"href":"https:\/\/www.sspo.gob.mx\/index.php?rest_route=%2Fwp%2Fv2%2Fcomments&post=24342"}],"version-history":[{"count":1,"href":"https:\/\/www.sspo.gob.mx\/index.php?rest_route=\/wp\/v2\/posts\/24342\/revisions"}],"predecessor-version":[{"id":24347,"href":"https:\/\/www.sspo.gob.mx\/index.php?rest_route=\/wp\/v2\/posts\/24342\/revisions\/24347"}],"wp:featuredmedia":[{"embeddable":true,"href":"https:\/\/www.sspo.gob.mx\/index.php?rest_route=\/wp\/v2\/media\/24344"}],"wp:attachment":[{"href":"https:\/\/www.sspo.gob.mx\/index.php?rest_route=%2Fwp%2Fv2%2Fmedia&parent=24342"}],"wp:term":[{"taxonomy":"category","embeddable":true,"href":"https:\/\/www.sspo.gob.mx\/index.php?rest_route=%2Fwp%2Fv2%2Fcategories&post=24342"},{"taxonomy":"post_tag","embeddable":true,"href":"https:\/\/www.sspo.gob.mx\/index.php?rest_route=%2Fwp%2Fv2%2Ftags&post=24342"}],"curies":[{"name":"wp","href":"https:\/\/api.w.org\/{rel}","templated":true}]}}