{"id":25877,"date":"2017-05-26T12:55:37","date_gmt":"2017-05-26T18:55:37","guid":{"rendered":"https:\/\/sspo.gob.mx\/?p=25877"},"modified":"2017-05-26T13:38:57","modified_gmt":"2017-05-26T19:38:57","slug":"detiene-policia-estatal-a-presunto-responsable-de-asalto-a-mano-armada-en-santa-lucia-del-camino","status":"publish","type":"post","link":"https:\/\/www.sspo.gob.mx\/?p=25877","title":{"rendered":"DETIENE POLIC\u00cdA ESTATAL A PRESUNTO RESPONSABLE DE ASALTO A MANO ARMADA EN JUCHIT\u00c1N DE ZARAGOZA"},"content":{"rendered":"<p>Este viernes, el Servicio de Emergencias 9-1-1 Istmo, recibi\u00f3 el reporte de un asalto a mano armada cometido en agravio de un transe\u00fante, en inmediaciones de la colonia Las Flores, de Juchit\u00e1n de Zaragoza, por lo que polic\u00edas estatales atendieron de inmediato el suceso, logrando la captura del presunto responsable que intent\u00f3 darse a la fuga a bordo de una motocicleta.<\/p>\n<p><img decoding=\"async\" src=\"https:\/\/sspo.gob.mx\/wp-content\/uploads\/2017\/05\/02-4-1.jpg\" \/><\/p>\n<p>El imputado se identific\u00f3 con el nombre de David M. T., de 28 a\u00f1os de edad, quien fue identificado gracias a las caracter\u00edsticas denunciadas en el reporte ciudadano, en el que entre otros detalles, se manifest\u00f3 que dicha persona viste playera roja, y adem\u00e1s era acompa\u00f1ado de otro sujeto.<\/p>\n<p>Al atender de inmediato el reporte, la Polic\u00eda Estatal logr\u00f3 interceptar a dicha persona, quien, ante la presencia policial, emprendi\u00f3 la huida a bordo de una motocicleta marca Bajaj, color rojo, con n\u00famero de serie MD2A18AZ7HWG99646.<\/p>\n<p><img decoding=\"async\" src=\"https:\/\/sspo.gob.mx\/wp-content\/uploads\/2017\/05\/03-4-1.jpg\" \/><\/p>\n<p>No obstante, los uniformados frustraron la fuga del presunto responsable que fue detenido cuadras adelante del lugar, en los momentos en que portaba un arma tipo escuadra, marca Harrisburg, calibre 9 mm, con un cargador abastecido de seis municiones \u00fatiles.<\/p>\n<p>Es de saber que dicha persona se encuentra en tr\u00e1mites correspondientes para su consignaci\u00f3n ante las autoridades competes.<\/p>\n<p>En tanto, la Secretar\u00eda de Seguridad P\u00fablica de Oaxaca (SSPO) refrenda la disposici\u00f3n del Servicio de Emergencias 9-1-1 que funciona las 24 horas del d\u00eda, los 365 d\u00edas del a\u00f1o, siempre a beneficio de la ciudadan\u00eda oaxaque\u00f1a.<\/p>\n<p>&nbsp;<\/p>\n<p>&nbsp;<\/p>\n<p>&nbsp;<\/p>\n<p>&nbsp;<\/p>\n","protected":false},"excerpt":{"rendered":"<p>Este viernes, el Servicio de Emergencias 9-1-1 Istmo, recibi\u00f3 el reporte de un asalto a mano armada cometido en agravio<\/p>\n","protected":false},"author":2,"featured_media":25880,"comment_status":"closed","ping_status":"open","sticky":false,"template":"","format":"standard","meta":{"footnotes":""},"categories":[7],"tags":[],"_links":{"self":[{"href":"https:\/\/www.sspo.gob.mx\/index.php?rest_route=\/wp\/v2\/posts\/25877"}],"collection":[{"href":"https:\/\/www.sspo.gob.mx\/index.php?rest_route=\/wp\/v2\/posts"}],"about":[{"href":"https:\/\/www.sspo.gob.mx\/index.php?rest_route=\/wp\/v2\/types\/post"}],"author":[{"embeddable":true,"href":"https:\/\/www.sspo.gob.mx\/index.php?rest_route=\/wp\/v2\/users\/2"}],"replies":[{"embeddable":true,"href":"https:\/\/www.sspo.gob.mx\/index.php?rest_route=%2Fwp%2Fv2%2Fcomments&post=25877"}],"version-history":[{"count":3,"href":"https:\/\/www.sspo.gob.mx\/index.php?rest_route=\/wp\/v2\/posts\/25877\/revisions"}],"predecessor-version":[{"id":25883,"href":"https:\/\/www.sspo.gob.mx\/index.php?rest_route=\/wp\/v2\/posts\/25877\/revisions\/25883"}],"wp:featuredmedia":[{"embeddable":true,"href":"https:\/\/www.sspo.gob.mx\/index.php?rest_route=\/wp\/v2\/media\/25880"}],"wp:attachment":[{"href":"https:\/\/www.sspo.gob.mx\/index.php?rest_route=%2Fwp%2Fv2%2Fmedia&parent=25877"}],"wp:term":[{"taxonomy":"category","embeddable":true,"href":"https:\/\/www.sspo.gob.mx\/index.php?rest_route=%2Fwp%2Fv2%2Fcategories&post=25877"},{"taxonomy":"post_tag","embeddable":true,"href":"https:\/\/www.sspo.gob.mx\/index.php?rest_route=%2Fwp%2Fv2%2Ftags&post=25877"}],"curies":[{"name":"wp","href":"https:\/\/api.w.org\/{rel}","templated":true}]}}