{"id":26059,"date":"2017-05-31T13:33:50","date_gmt":"2017-05-31T19:33:50","guid":{"rendered":"https:\/\/sspo.gob.mx\/?p=26059"},"modified":"2017-05-31T13:33:57","modified_gmt":"2017-05-31T19:33:57","slug":"presenta-sspo-rondalla-de-la-direccion-de-ejecucion-de-medidas-para-adolescentes","status":"publish","type":"post","link":"https:\/\/www.sspo.gob.mx\/?p=26059","title":{"rendered":"PRESENTA SSPO RONDALLA DE LA DIRECCI\u00d3N DE EJECUCI\u00d3N DE MEDIDAS PARA ADOLESCENTES"},"content":{"rendered":"<p>Como parte de las acciones encaminadas a que los adolescentes privados de su libertad participen en diversas actividades para lograr una adecuada reinserci\u00f3n social, la ma\u00f1ana de este mi\u00e9rcoles se present\u00f3 de manera oficial la Rondalla de la Direcci\u00f3n de Ejecuci\u00f3n de Medidas para Adolescentes (DEMA), de la Secretar\u00eda de Seguridad P\u00fablica de Oaxaca (SSPO).<\/p>\n<p>Para tal acto, la Rondalla Pastel de Chocolate fundada en el a\u00f1o 2010, capacit\u00f3 a los j\u00f3venes que gustosos conformaron la nueva agrupaci\u00f3n musical al interior de la DEMA y quienes debutaron frente a autoridades de la Secretar\u00eda con el tema \u201cOaxaca vives en m\u00ed\u201d.<\/p>\n<p>Fue por esa raz\u00f3n que el titular de la SSPO, Capit\u00e1n Tu\u00f1\u00f3n J\u00e1uregui otorg\u00f3 un reconocimiento a la Rondalla Pastel en agradecimiento por instruir a los adolescentes, pues resalt\u00f3 que la labor de transmitir sus conocimientos es de suma importancia.<\/p>\n<p><img decoding=\"async\" src=\"https:\/\/sspo.gob.mx\/wp-content\/uploads\/2017\/05\/3-1024x576.jpeg\" \/><\/p>\n<p>Durante el acto estuvieron presentes adem\u00e1s Concepci\u00f3n Tovar Monreal, Subsecretaria de Prevenci\u00f3n y Reinserci\u00f3n Social; Juan Jos\u00e9 Rodr\u00edguez Molina, Director General de Reinserci\u00f3n Social; Mar\u00eda Bastidas Rodr\u00edguez, Presidenta del Patronato de Ayuda para la Reinserci\u00f3n Social y Jos\u00e9 Carlos Cervantes Azcona, Director de la DEMA.<\/p>\n<p>De la misma manera acompa\u00f1aron durante la presentaci\u00f3n Roberto On\u00e9simo Rivera Rivera y Hazael Antonio Mart\u00ednez Ram\u00edrez, delegados sindicales, entre otras personalidades.<\/p>\n<p>Es as\u00ed como la Secretar\u00eda de Seguridad P\u00fablica de Oaxaca, a trav\u00e9s de la Subsecretar\u00eda de Prevenci\u00f3n y Reinserci\u00f3n Social, atiende las diversas necesidades de los adolescentes privados de su libertad, a fin de potencializar sus capacidades para reintegrarse plenamente a la sociedad.<\/p>\n<p><img decoding=\"async\" src=\"https:\/\/sspo.gob.mx\/wp-content\/uploads\/2017\/05\/2-1024x576.jpeg\" \/><\/p>\n","protected":false},"excerpt":{"rendered":"<p>Como parte de las acciones encaminadas a que los adolescentes privados de su libertad participen en diversas actividades para lograr<\/p>\n","protected":false},"author":2,"featured_media":26062,"comment_status":"closed","ping_status":"open","sticky":false,"template":"","format":"standard","meta":{"footnotes":""},"categories":[7],"tags":[],"_links":{"self":[{"href":"https:\/\/www.sspo.gob.mx\/index.php?rest_route=\/wp\/v2\/posts\/26059"}],"collection":[{"href":"https:\/\/www.sspo.gob.mx\/index.php?rest_route=\/wp\/v2\/posts"}],"about":[{"href":"https:\/\/www.sspo.gob.mx\/index.php?rest_route=\/wp\/v2\/types\/post"}],"author":[{"embeddable":true,"href":"https:\/\/www.sspo.gob.mx\/index.php?rest_route=\/wp\/v2\/users\/2"}],"replies":[{"embeddable":true,"href":"https:\/\/www.sspo.gob.mx\/index.php?rest_route=%2Fwp%2Fv2%2Fcomments&post=26059"}],"version-history":[{"count":1,"href":"https:\/\/www.sspo.gob.mx\/index.php?rest_route=\/wp\/v2\/posts\/26059\/revisions"}],"predecessor-version":[{"id":26064,"href":"https:\/\/www.sspo.gob.mx\/index.php?rest_route=\/wp\/v2\/posts\/26059\/revisions\/26064"}],"wp:featuredmedia":[{"embeddable":true,"href":"https:\/\/www.sspo.gob.mx\/index.php?rest_route=\/wp\/v2\/media\/26062"}],"wp:attachment":[{"href":"https:\/\/www.sspo.gob.mx\/index.php?rest_route=%2Fwp%2Fv2%2Fmedia&parent=26059"}],"wp:term":[{"taxonomy":"category","embeddable":true,"href":"https:\/\/www.sspo.gob.mx\/index.php?rest_route=%2Fwp%2Fv2%2Fcategories&post=26059"},{"taxonomy":"post_tag","embeddable":true,"href":"https:\/\/www.sspo.gob.mx\/index.php?rest_route=%2Fwp%2Fv2%2Ftags&post=26059"}],"curies":[{"name":"wp","href":"https:\/\/api.w.org\/{rel}","templated":true}]}}