{"id":26094,"date":"2017-06-02T07:22:31","date_gmt":"2017-06-02T13:22:31","guid":{"rendered":"https:\/\/sspo.gob.mx\/?p=26094"},"modified":"2017-06-02T07:22:31","modified_gmt":"2017-06-02T13:22:31","slug":"detiene-policia-estatal-a-sujeto-armado-en-santo-domingo-armenta-jamiltepec","status":"publish","type":"post","link":"https:\/\/www.sspo.gob.mx\/?p=26094","title":{"rendered":"DETIENE POLIC\u00cdA ESTATAL A SUJETO ARMADO EN SANTO DOMINGO ARMENTA JAMILTEPEC"},"content":{"rendered":"<p>La Comandancia Regional de la Costa, perteneciente a la Polic\u00eda Estatal de la Secretar\u00eda de Seguridad P\u00fablica de Oaxaca (SSPO), dio a conocer que siendo las 17:00 horas de este jueves, procedieron a detener a un sujeto por violaci\u00f3n a la Ley Federal de Armas de Fuego y Explosivos.<\/p>\n<p>Lo anterior luego de que realizaran recorridos de seguridad y vigilancia sobre la carretera local de terracer\u00eda que conduce del municipio de Santo Domingo Armenta Jamiltepec, a la Agencia de Callej\u00f3n de R\u00f3mulo, como a 150 metros antes de la entrada a la Agencia en menci\u00f3n, a la altura del paraje denominado Tierra Amarilla.<\/p>\n<p><img decoding=\"async\" src=\"https:\/\/sspo.gob.mx\/wp-content\/uploads\/2017\/06\/ARMADO-1024x576.jpg\" \/><\/p>\n<p>En el lugar realizaron la detenci\u00f3n de Cupertino C. R., de 52 a\u00f1os de edad, quien conduc\u00eda una camioneta Nissan Frontier, modelo 1999, tipo Americana, color azul turquesa, con placas de circulaci\u00f3n HE-72-710, del estado de Guerrer y con n\u00famero de serie 1N6ED26Y1XC309842.<\/p>\n<p>Cabe mencionar que al sujeto se le asegur\u00f3 una pistola tipo escuadra, calibre 9 mm, as\u00ed como un cargador met\u00e1lico abastecido con cinco cartuchos \u00fatiles, por lo que tanto \u00e9l como el arma y el veh\u00edculo fueron puestos a disposici\u00f3n del Agente del Ministerio P\u00fablico de la Federaci\u00f3n con sede en Bah\u00edas de Huatulco.<\/p>\n<p><img decoding=\"async\" src=\"https:\/\/sspo.gob.mx\/wp-content\/uploads\/2017\/06\/ARMADO-2-1024x576.jpg\" \/><\/p>\n<p>Oaxaca de Ju\u00e1rez, Oaxaca, junio 01 de 2017.<\/p>\n","protected":false},"excerpt":{"rendered":"<p>La Comandancia Regional de la Costa, perteneciente a la Polic\u00eda Estatal de la Secretar\u00eda de Seguridad P\u00fablica de Oaxaca (SSPO),<\/p>\n","protected":false},"author":2,"featured_media":26096,"comment_status":"closed","ping_status":"open","sticky":false,"template":"","format":"standard","meta":{"footnotes":""},"categories":[7],"tags":[],"_links":{"self":[{"href":"https:\/\/www.sspo.gob.mx\/index.php?rest_route=\/wp\/v2\/posts\/26094"}],"collection":[{"href":"https:\/\/www.sspo.gob.mx\/index.php?rest_route=\/wp\/v2\/posts"}],"about":[{"href":"https:\/\/www.sspo.gob.mx\/index.php?rest_route=\/wp\/v2\/types\/post"}],"author":[{"embeddable":true,"href":"https:\/\/www.sspo.gob.mx\/index.php?rest_route=\/wp\/v2\/users\/2"}],"replies":[{"embeddable":true,"href":"https:\/\/www.sspo.gob.mx\/index.php?rest_route=%2Fwp%2Fv2%2Fcomments&post=26094"}],"version-history":[{"count":1,"href":"https:\/\/www.sspo.gob.mx\/index.php?rest_route=\/wp\/v2\/posts\/26094\/revisions"}],"predecessor-version":[{"id":26097,"href":"https:\/\/www.sspo.gob.mx\/index.php?rest_route=\/wp\/v2\/posts\/26094\/revisions\/26097"}],"wp:featuredmedia":[{"embeddable":true,"href":"https:\/\/www.sspo.gob.mx\/index.php?rest_route=\/wp\/v2\/media\/26096"}],"wp:attachment":[{"href":"https:\/\/www.sspo.gob.mx\/index.php?rest_route=%2Fwp%2Fv2%2Fmedia&parent=26094"}],"wp:term":[{"taxonomy":"category","embeddable":true,"href":"https:\/\/www.sspo.gob.mx\/index.php?rest_route=%2Fwp%2Fv2%2Fcategories&post=26094"},{"taxonomy":"post_tag","embeddable":true,"href":"https:\/\/www.sspo.gob.mx\/index.php?rest_route=%2Fwp%2Fv2%2Ftags&post=26094"}],"curies":[{"name":"wp","href":"https:\/\/api.w.org\/{rel}","templated":true}]}}