{"id":26543,"date":"2017-06-25T10:46:13","date_gmt":"2017-06-25T16:46:13","guid":{"rendered":"https:\/\/sspo.gob.mx\/?p=26543"},"modified":"2017-06-25T10:46:13","modified_gmt":"2017-06-25T16:46:13","slug":"dos-sujetos-fueron-detenidos-en-pinotepa-nacional-por-posesion-de-enervantes","status":"publish","type":"post","link":"https:\/\/www.sspo.gob.mx\/?p=26543","title":{"rendered":"DOS SUJETOS FUERON DETENIDOS EN PINOTEPA NACIONAL POR POSESI\u00d3N DE ENERVANTES"},"content":{"rendered":"<p>La Comandancia Regional de la Polic\u00eda Estatal con base en la Costa, confirm\u00f3 la detenci\u00f3n de Fabi\u00e1n Santiago L. M. y Jos\u00e9 Daniel L. M. de 24 y 20 a\u00f1os de edad, respectivamente, como probables responsables de delitos contra la salud en la modalidad de posesi\u00f3n de enervantes.<\/p>\n<p>Dicha detenci\u00f3n fue producto de los recorridos de seguridad y vigilancia realizados por polic\u00edas estatales el pasado s\u00e1bado, cuando alrededor de las 18:40 horas iniciaron dichas acciones por el centro, barrios, colonias, entradas y salidas de Pinotepa Nacional.<\/p>\n<p>Siendo las 19:00 horas, los uniformados confirmaron que en la calle 12\u00aa Sur ,barrio El Zapote, a la altura del mini s\u00faper &#8220;Chechitos&#8221;, se observ\u00f3 a una pareja de personas del sexo masculino que inger\u00eda bebidas embriagantes en la v\u00eda p\u00fablica, motivo por el que les fue practicada una revisi\u00f3n de rutina.<\/p>\n<p>De ello trascendi\u00f3 que a quien se identific\u00f3 como Fabi\u00e1n Santiago L. M. le fueran localizadas dos bolsas de nylon conteniendo hierba con las caracter\u00edsticas de la marihuana, mismas que transportaba en una mochila.<\/p>\n<p>Lo mismo ocurri\u00f3 con Jos\u00e9 Daniel L. M., ya que en su mochila fue localizado el mismo enervante.<\/p>\n<p>Por estos hechos, los arriba mencionados fueron detenidos y puestos a disposici\u00f3n de las autoridades competentes, que se encargar\u00e1n de los efectos legales que resulten.<\/p>\n<p><img decoding=\"async\" src=\"https:\/\/sspo.gob.mx\/wp-content\/uploads\/2017\/06\/02-2-1.jpg\" \/><\/p>\n","protected":false},"excerpt":{"rendered":"<p>La Comandancia Regional de la Polic\u00eda Estatal con base en la Costa, confirm\u00f3 la detenci\u00f3n de Fabi\u00e1n Santiago L. M.<\/p>\n","protected":false},"author":2,"featured_media":26545,"comment_status":"closed","ping_status":"open","sticky":false,"template":"","format":"standard","meta":{"footnotes":""},"categories":[7],"tags":[],"_links":{"self":[{"href":"https:\/\/www.sspo.gob.mx\/index.php?rest_route=\/wp\/v2\/posts\/26543"}],"collection":[{"href":"https:\/\/www.sspo.gob.mx\/index.php?rest_route=\/wp\/v2\/posts"}],"about":[{"href":"https:\/\/www.sspo.gob.mx\/index.php?rest_route=\/wp\/v2\/types\/post"}],"author":[{"embeddable":true,"href":"https:\/\/www.sspo.gob.mx\/index.php?rest_route=\/wp\/v2\/users\/2"}],"replies":[{"embeddable":true,"href":"https:\/\/www.sspo.gob.mx\/index.php?rest_route=%2Fwp%2Fv2%2Fcomments&post=26543"}],"version-history":[{"count":1,"href":"https:\/\/www.sspo.gob.mx\/index.php?rest_route=\/wp\/v2\/posts\/26543\/revisions"}],"predecessor-version":[{"id":26546,"href":"https:\/\/www.sspo.gob.mx\/index.php?rest_route=\/wp\/v2\/posts\/26543\/revisions\/26546"}],"wp:featuredmedia":[{"embeddable":true,"href":"https:\/\/www.sspo.gob.mx\/index.php?rest_route=\/wp\/v2\/media\/26545"}],"wp:attachment":[{"href":"https:\/\/www.sspo.gob.mx\/index.php?rest_route=%2Fwp%2Fv2%2Fmedia&parent=26543"}],"wp:term":[{"taxonomy":"category","embeddable":true,"href":"https:\/\/www.sspo.gob.mx\/index.php?rest_route=%2Fwp%2Fv2%2Fcategories&post=26543"},{"taxonomy":"post_tag","embeddable":true,"href":"https:\/\/www.sspo.gob.mx\/index.php?rest_route=%2Fwp%2Fv2%2Ftags&post=26543"}],"curies":[{"name":"wp","href":"https:\/\/api.w.org\/{rel}","templated":true}]}}