{"id":26769,"date":"2017-07-07T10:06:55","date_gmt":"2017-07-07T16:06:55","guid":{"rendered":"https:\/\/sspo.gob.mx\/?p=26769"},"modified":"2017-07-07T10:06:55","modified_gmt":"2017-07-07T16:06:55","slug":"continua-sspo-mesa-de-dialogo-con-autoridades-de-la-villa-de-zaachila","status":"publish","type":"post","link":"https:\/\/www.sspo.gob.mx\/?p=26769","title":{"rendered":"CONTIN\u00daA SSPO MESA DE DI\u00c1LOGO CON AUTORIDADES DE LA VILLA DE ZAACHILA"},"content":{"rendered":"<p>** En cumplimiento a la instrucci\u00f3n del mandatario estatal de privilegiar el di\u00e1logo y la resoluci\u00f3n del conflicto por la v\u00eda institucional.<\/p>\n<p><img decoding=\"async\" src=\"https:\/\/sspo.gob.mx\/wp-content\/uploads\/2017\/07\/07-1024x784.jpg\" \/><\/p>\n<p>Santa Mar\u00eda Coyotepec, Oax.- Para dar atenci\u00f3n al conflicto que prevalece entre pobladores de la colonia Vicente Guerrero y sus alrededores, con militantes del Frente Popular 14 de junio, la Secretar\u00eda de Seguridad P\u00fablica de Oaxaca (SSPO) mantuvo por segundo d\u00eda consecutivo, una mesa de di\u00e1logo con autoridades de la Villa de Zaachila.<\/p>\n<p><img decoding=\"async\" src=\"https:\/\/sspo.gob.mx\/wp-content\/uploads\/2017\/07\/59946e0b-0269-45c1-9fc6-e27a1f5a3793-1024x680.jpg\" \/><\/p>\n<p>Por instrucci\u00f3n del Secretario de Seguridad P\u00fablica, Capit\u00e1n Jos\u00e9 Raymundo Tu\u00f1\u00f3n J\u00e1uregui; el Comisionado de la Polic\u00eda Estatal, Capit\u00e1n Jos\u00e9 S\u00e1nchez Saldierna, encabez\u00f3 el encuentro acompa\u00f1ado de funcionarios de la Secretar\u00eda General de Gobierno (SEGEGO), Secretar\u00eda de Vialidad y Transporte (SEVITRA) y de la Fiscal\u00eda General del Estado.<\/p>\n<p><img decoding=\"async\" src=\"https:\/\/sspo.gob.mx\/wp-content\/uploads\/2017\/07\/6450740b-5716-4d60-8cdb-01339aaf5501-1024x683.jpg\" \/><\/p>\n<p>A las instalaciones del Cuartel General de la Polic\u00eda Estatal, acudieron presidentes de diversas colonias de la Villa de Zaachila, entre ellos, el representante de la colonia Vicente Guerrero.<\/p>\n<p>&nbsp;<\/p>\n<p>Con ello, la SSPO da cumplimiento a la instrucci\u00f3n del mandatario estatal de privilegiar el di\u00e1logo y la resoluci\u00f3n del conflicto por la v\u00eda institucional, esto, para a fin de preservar la vida humana y el orden.<\/p>\n","protected":false},"excerpt":{"rendered":"<p>** En cumplimiento a la instrucci\u00f3n del mandatario estatal de privilegiar el di\u00e1logo y la resoluci\u00f3n del conflicto por la<\/p>\n","protected":false},"author":2,"featured_media":26773,"comment_status":"closed","ping_status":"open","sticky":false,"template":"","format":"standard","meta":{"footnotes":""},"categories":[7],"tags":[],"_links":{"self":[{"href":"https:\/\/www.sspo.gob.mx\/index.php?rest_route=\/wp\/v2\/posts\/26769"}],"collection":[{"href":"https:\/\/www.sspo.gob.mx\/index.php?rest_route=\/wp\/v2\/posts"}],"about":[{"href":"https:\/\/www.sspo.gob.mx\/index.php?rest_route=\/wp\/v2\/types\/post"}],"author":[{"embeddable":true,"href":"https:\/\/www.sspo.gob.mx\/index.php?rest_route=\/wp\/v2\/users\/2"}],"replies":[{"embeddable":true,"href":"https:\/\/www.sspo.gob.mx\/index.php?rest_route=%2Fwp%2Fv2%2Fcomments&post=26769"}],"version-history":[{"count":1,"href":"https:\/\/www.sspo.gob.mx\/index.php?rest_route=\/wp\/v2\/posts\/26769\/revisions"}],"predecessor-version":[{"id":26776,"href":"https:\/\/www.sspo.gob.mx\/index.php?rest_route=\/wp\/v2\/posts\/26769\/revisions\/26776"}],"wp:featuredmedia":[{"embeddable":true,"href":"https:\/\/www.sspo.gob.mx\/index.php?rest_route=\/wp\/v2\/media\/26773"}],"wp:attachment":[{"href":"https:\/\/www.sspo.gob.mx\/index.php?rest_route=%2Fwp%2Fv2%2Fmedia&parent=26769"}],"wp:term":[{"taxonomy":"category","embeddable":true,"href":"https:\/\/www.sspo.gob.mx\/index.php?rest_route=%2Fwp%2Fv2%2Fcategories&post=26769"},{"taxonomy":"post_tag","embeddable":true,"href":"https:\/\/www.sspo.gob.mx\/index.php?rest_route=%2Fwp%2Fv2%2Ftags&post=26769"}],"curies":[{"name":"wp","href":"https:\/\/api.w.org\/{rel}","templated":true}]}}