{"id":27133,"date":"2017-07-30T10:04:52","date_gmt":"2017-07-30T16:04:52","guid":{"rendered":"https:\/\/sspo.gob.mx\/?p=27133"},"modified":"2017-07-30T10:04:52","modified_gmt":"2017-07-30T16:04:52","slug":"lleva-sspo-brigada-medica-oftalmologica-al-centro-de-reinsercion-social-de-tuxtepec","status":"publish","type":"post","link":"https:\/\/www.sspo.gob.mx\/?p=27133","title":{"rendered":"LLEVA SSPO BRIGADA M\u00c9DICA OFTALMOL\u00d3GICA AL CENTRO DE REINSERCI\u00d3N SOCIAL DE TUXTEPEC"},"content":{"rendered":"<p>Con el objetivo de garantizar la salud integral a la poblaci\u00f3n privada de su libertad, la Secretar\u00eda de Seguridad P\u00fablica de Oaxaca (SSPO), llev\u00f3 a cabo una Brigada M\u00e9dica Oftalmol\u00f3gica en el Centro de Reinserci\u00f3n Social de Tuxtepec.<\/p>\n<p>Lo anterior como resultado de diversas gestiones realizadas por parte de la Subsecretar\u00eda de Prevenci\u00f3n y Reinserci\u00f3n Social de la SSPO, encaminadas a desarrollar un ambiente adecuado en donde la poblaci\u00f3n penitenciaria pueda ser tratada por m\u00e9dicos especialistas que coadyuven en su \u00f3ptimo desarrollo f\u00edsico y emocional.<\/p>\n<p><img decoding=\"async\" src=\"https:\/\/sspo.gob.mx\/wp-content\/uploads\/2017\/07\/1-1-9-1024x576.jpg\" \/><\/p>\n<p>Fue as\u00ed como en coordinaci\u00f3n -por primera vez- con m\u00e9dicos integrantes de la Fundaci\u00f3n La Luz Oftalmol\u00f3gica, se realizaron diagn\u00f3sticos visuales y tratamientos, con lo cual se espera que las personas privadas de su libertad mejoren sus perspectivas de visi\u00f3n, educaci\u00f3n y trabajo, lean libros, estudien y cultiven as\u00ed, comportamientos no delictivos.<\/p>\n<p>Las valoraciones constaron de ex\u00e1menes de agudeza visual, refractometr\u00eda, toma de presi\u00f3n intraocular (ITO), y fondo de ojo, adem\u00e1s de diagn\u00f3sticos de glaucoma, hipermetrop\u00edas, astigmatismo, hemov\u00edtreos y cataratas.<\/p>\n<p>Con estas acciones la dependencia encargada de la seguridad de los oaxaque\u00f1os, pone de manifiesto su constante inter\u00e9s en mejorar las condiciones de la poblaci\u00f3n penitenciaria en todo el estado, siempre en estricto apego al respeto de sus derechos humanos.<\/p>\n<p><img decoding=\"async\" src=\"https:\/\/sspo.gob.mx\/wp-content\/uploads\/2017\/07\/2-1-6-1024x576.jpg\" \/><\/p>\n<p>Oaxaca de Ju\u00e1rez, Oaxaca, julio 30 de 2017.<\/p>\n","protected":false},"excerpt":{"rendered":"<p>Con el objetivo de garantizar la salud integral a la poblaci\u00f3n privada de su libertad, la Secretar\u00eda de Seguridad P\u00fablica<\/p>\n","protected":false},"author":2,"featured_media":27135,"comment_status":"closed","ping_status":"open","sticky":false,"template":"","format":"standard","meta":{"footnotes":""},"categories":[7],"tags":[],"_links":{"self":[{"href":"https:\/\/www.sspo.gob.mx\/index.php?rest_route=\/wp\/v2\/posts\/27133"}],"collection":[{"href":"https:\/\/www.sspo.gob.mx\/index.php?rest_route=\/wp\/v2\/posts"}],"about":[{"href":"https:\/\/www.sspo.gob.mx\/index.php?rest_route=\/wp\/v2\/types\/post"}],"author":[{"embeddable":true,"href":"https:\/\/www.sspo.gob.mx\/index.php?rest_route=\/wp\/v2\/users\/2"}],"replies":[{"embeddable":true,"href":"https:\/\/www.sspo.gob.mx\/index.php?rest_route=%2Fwp%2Fv2%2Fcomments&post=27133"}],"version-history":[{"count":1,"href":"https:\/\/www.sspo.gob.mx\/index.php?rest_route=\/wp\/v2\/posts\/27133\/revisions"}],"predecessor-version":[{"id":27136,"href":"https:\/\/www.sspo.gob.mx\/index.php?rest_route=\/wp\/v2\/posts\/27133\/revisions\/27136"}],"wp:featuredmedia":[{"embeddable":true,"href":"https:\/\/www.sspo.gob.mx\/index.php?rest_route=\/wp\/v2\/media\/27135"}],"wp:attachment":[{"href":"https:\/\/www.sspo.gob.mx\/index.php?rest_route=%2Fwp%2Fv2%2Fmedia&parent=27133"}],"wp:term":[{"taxonomy":"category","embeddable":true,"href":"https:\/\/www.sspo.gob.mx\/index.php?rest_route=%2Fwp%2Fv2%2Fcategories&post=27133"},{"taxonomy":"post_tag","embeddable":true,"href":"https:\/\/www.sspo.gob.mx\/index.php?rest_route=%2Fwp%2Fv2%2Ftags&post=27133"}],"curies":[{"name":"wp","href":"https:\/\/api.w.org\/{rel}","templated":true}]}}