{"id":27168,"date":"2017-08-01T11:28:15","date_gmt":"2017-08-01T17:28:15","guid":{"rendered":"https:\/\/sspo.gob.mx\/?p=27168"},"modified":"2017-08-01T11:28:22","modified_gmt":"2017-08-01T17:28:22","slug":"confirma-sspo-rotacion-y-asignacion-de-mandos-en-seis-centros-de-reinsercion-social-de-la-entidad","status":"publish","type":"post","link":"https:\/\/www.sspo.gob.mx\/?p=27168","title":{"rendered":"CONFIRMA SSPO ROTACI\u00d3N Y ASIGNACI\u00d3N DE MANDOS EN SEIS CENTROS DE REINSERCI\u00d3N SOCIAL DE LA ENTIDAD"},"content":{"rendered":"<p>** En cumplimiento a la instrucci\u00f3n del mandatario estatal de impulsar el orden, seguridad y dignidad, como ejes de la vida penitenciaria.<\/p>\n<p>Para ratificar el compromiso con la legalidad y el respeto irrestricto de las garant\u00edas individuales de las personas privadas de su libertad, la Secretar\u00eda de Seguridad P\u00fablica de Oaxaca (SSPO) a trav\u00e9s de la Subsecretar\u00eda de Prevenci\u00f3n y Reinserci\u00f3n Social dio a conocer que, como una medida para fortalecer el trabajo penitenciario y cumplir con la Ley de Ejecuci\u00f3n, realiz\u00f3 el proceso de rotaci\u00f3n de mandos y nuevas asignaciones en seis Centros de Internamiento de la entidad.<\/p>\n<p>Al Centro de Reinserci\u00f3n Social (CERESO) de Tlaxiaco fue trasladado como Director, Mario Alberto Flores Tapia; a la Villa de Etla, Jos\u00e9 Antonio Carballo Vega y a Santo Domingo Tehuantepec, Samuel Estudillo Mendoza.<\/p>\n<p><img decoding=\"async\" src=\"https:\/\/sspo.gob.mx\/wp-content\/uploads\/2017\/08\/02-2.jpg\" \/><\/p>\n<p>Asimismo, se integran como titulares de los CERESO de Huajuapan de Le\u00f3n, Mat\u00edas Romero Avenda\u00f1o y de San Juan Bautista Tuxtepec, Tom\u00e1s de Aquino Abraham Mendoza Guti\u00e9rrez, Mois\u00e9s Soriano Mendoza e Ignacio L\u00f3pez Torres, respectivamente.<\/p>\n<p>En su momento, los funcionarios fueron exhortados a fortalecer el Sistema Penitenciario Estatal promoviendo en la poblaci\u00f3n interna, las condiciones necesarias para lograr su reinserci\u00f3n social objetiva, basada en el respeto y protecci\u00f3n a los derechos fundamentales y perspectiva de g\u00e9nero.<\/p>\n<p>Esto, como cumplimiento a la instrucci\u00f3n del mandatario estatal de impulsar el orden, seguridad y dignidad, como ejes de la vida penitenciaria.<\/p>\n<p><img decoding=\"async\" src=\"https:\/\/sspo.gob.mx\/wp-content\/uploads\/2017\/08\/01-2.jpg\" \/><\/p>\n<p><img decoding=\"async\" src=\"https:\/\/sspo.gob.mx\/wp-content\/uploads\/2017\/08\/04-1.jpg\" \/><\/p>\n","protected":false},"excerpt":{"rendered":"<p>** En cumplimiento a la instrucci\u00f3n del mandatario estatal de impulsar el orden, seguridad y dignidad, como ejes de la<\/p>\n","protected":false},"author":2,"featured_media":27170,"comment_status":"closed","ping_status":"open","sticky":false,"template":"","format":"standard","meta":{"footnotes":""},"categories":[7],"tags":[],"_links":{"self":[{"href":"https:\/\/www.sspo.gob.mx\/index.php?rest_route=\/wp\/v2\/posts\/27168"}],"collection":[{"href":"https:\/\/www.sspo.gob.mx\/index.php?rest_route=\/wp\/v2\/posts"}],"about":[{"href":"https:\/\/www.sspo.gob.mx\/index.php?rest_route=\/wp\/v2\/types\/post"}],"author":[{"embeddable":true,"href":"https:\/\/www.sspo.gob.mx\/index.php?rest_route=\/wp\/v2\/users\/2"}],"replies":[{"embeddable":true,"href":"https:\/\/www.sspo.gob.mx\/index.php?rest_route=%2Fwp%2Fv2%2Fcomments&post=27168"}],"version-history":[{"count":1,"href":"https:\/\/www.sspo.gob.mx\/index.php?rest_route=\/wp\/v2\/posts\/27168\/revisions"}],"predecessor-version":[{"id":27174,"href":"https:\/\/www.sspo.gob.mx\/index.php?rest_route=\/wp\/v2\/posts\/27168\/revisions\/27174"}],"wp:featuredmedia":[{"embeddable":true,"href":"https:\/\/www.sspo.gob.mx\/index.php?rest_route=\/wp\/v2\/media\/27170"}],"wp:attachment":[{"href":"https:\/\/www.sspo.gob.mx\/index.php?rest_route=%2Fwp%2Fv2%2Fmedia&parent=27168"}],"wp:term":[{"taxonomy":"category","embeddable":true,"href":"https:\/\/www.sspo.gob.mx\/index.php?rest_route=%2Fwp%2Fv2%2Fcategories&post=27168"},{"taxonomy":"post_tag","embeddable":true,"href":"https:\/\/www.sspo.gob.mx\/index.php?rest_route=%2Fwp%2Fv2%2Ftags&post=27168"}],"curies":[{"name":"wp","href":"https:\/\/api.w.org\/{rel}","templated":true}]}}