{"id":27738,"date":"2017-08-22T16:37:35","date_gmt":"2017-08-22T22:37:35","guid":{"rendered":"https:\/\/sspo.gob.mx\/?p=27738"},"modified":"2017-08-22T16:37:35","modified_gmt":"2017-08-22T22:37:35","slug":"se-reunen-representantes-de-las-33-colonias-unidas-y-el-titular-de-la-sspo-para-acordar-acciones-de-seguridad","status":"publish","type":"post","link":"https:\/\/www.sspo.gob.mx\/?p=27738","title":{"rendered":"SE RE\u00daNEN REPRESENTANTES DE LAS 33 COLONIAS UNIDAS Y EL TITULAR DE LA SSPO PARA ACORDAR ACCIONES DE SEGURIDAD"},"content":{"rendered":"<p>El titular de la Secretar\u00eda de Seguridad P\u00fablica de Oaxaca (SSPO), Capit\u00e1n Jos\u00e9 Raymundo Tu\u00f1\u00f3n J\u00e1uregui, se reuni\u00f3 la tarde de este martes con representantes de las colonias de la Villa de Zaachila para acordar estrategias de seguridad pr\u00f3ximas a implementar en la zona.<\/p>\n<p><img decoding=\"async\" src=\"https:\/\/sspo.gob.mx\/wp-content\/uploads\/2017\/08\/4-11-1024x682.jpg\" \/><\/p>\n<p>Derivado de los recientes hechos en la Colonia Vicente Guerrero, la SSPO y los representantes de las 33 Colonias Unidas acordaron sumar esfuerzos y participar de manera conjunta en el desarrollo de medias preventivas, disuasivas y de seguridad que combatan los actos delictivos que se han presentado en el lugar.<\/p>\n<p><img decoding=\"async\" src=\"https:\/\/sspo.gob.mx\/wp-content\/uploads\/2017\/08\/2-17-1024x685.jpg\" \/><\/p>\n<p>Ante la situaci\u00f3n, el titular de la dependencia encargada de velar por la integridad f\u00edsica y patrimonial de los oaxaque\u00f1os indic\u00f3 que continuar\u00e1n los recorridos en coordinaci\u00f3n, al tiempo que recalc\u00f3 la importancia de la participaci\u00f3n activa de las autoridades municipales y los pobladores.<\/p>\n<p>La colaboraci\u00f3n entre la ciudadan\u00eda y las fuerzas estatales de seguridad p\u00fablica coadyuvar\u00e1 altamente en la obtenci\u00f3n de resultados positivos.<\/p>\n<p>As\u00ed mismo, la SSPO no omite el recordar que tanto el n\u00famero de emergencia 9-1-1 como el n\u00famero de denuncia an\u00f3nima 089, se encuentran a disposici\u00f3n las 24 horas del d\u00eda, los 365 d\u00edas del a\u00f1o.<\/p>\n","protected":false},"excerpt":{"rendered":"<p>El titular de la Secretar\u00eda de Seguridad P\u00fablica de Oaxaca (SSPO), Capit\u00e1n Jos\u00e9 Raymundo Tu\u00f1\u00f3n J\u00e1uregui, se reuni\u00f3 la tarde<\/p>\n","protected":false},"author":2,"featured_media":27739,"comment_status":"closed","ping_status":"open","sticky":false,"template":"","format":"standard","meta":{"footnotes":""},"categories":[7],"tags":[],"_links":{"self":[{"href":"https:\/\/www.sspo.gob.mx\/index.php?rest_route=\/wp\/v2\/posts\/27738"}],"collection":[{"href":"https:\/\/www.sspo.gob.mx\/index.php?rest_route=\/wp\/v2\/posts"}],"about":[{"href":"https:\/\/www.sspo.gob.mx\/index.php?rest_route=\/wp\/v2\/types\/post"}],"author":[{"embeddable":true,"href":"https:\/\/www.sspo.gob.mx\/index.php?rest_route=\/wp\/v2\/users\/2"}],"replies":[{"embeddable":true,"href":"https:\/\/www.sspo.gob.mx\/index.php?rest_route=%2Fwp%2Fv2%2Fcomments&post=27738"}],"version-history":[{"count":1,"href":"https:\/\/www.sspo.gob.mx\/index.php?rest_route=\/wp\/v2\/posts\/27738\/revisions"}],"predecessor-version":[{"id":27742,"href":"https:\/\/www.sspo.gob.mx\/index.php?rest_route=\/wp\/v2\/posts\/27738\/revisions\/27742"}],"wp:featuredmedia":[{"embeddable":true,"href":"https:\/\/www.sspo.gob.mx\/index.php?rest_route=\/wp\/v2\/media\/27739"}],"wp:attachment":[{"href":"https:\/\/www.sspo.gob.mx\/index.php?rest_route=%2Fwp%2Fv2%2Fmedia&parent=27738"}],"wp:term":[{"taxonomy":"category","embeddable":true,"href":"https:\/\/www.sspo.gob.mx\/index.php?rest_route=%2Fwp%2Fv2%2Fcategories&post=27738"},{"taxonomy":"post_tag","embeddable":true,"href":"https:\/\/www.sspo.gob.mx\/index.php?rest_route=%2Fwp%2Fv2%2Ftags&post=27738"}],"curies":[{"name":"wp","href":"https:\/\/api.w.org\/{rel}","templated":true}]}}