{"id":27789,"date":"2017-08-23T19:05:02","date_gmt":"2017-08-24T01:05:02","guid":{"rendered":"https:\/\/sspo.gob.mx\/?p=27789"},"modified":"2017-08-23T19:05:02","modified_gmt":"2017-08-24T01:05:02","slug":"participa-sspo-en-el-traslado-de-dos-personas-privadas-de-su-libertad-al-cefereso-14-de-durango","status":"publish","type":"post","link":"https:\/\/www.sspo.gob.mx\/?p=27789","title":{"rendered":"PARTICIPA SSPO EN EL TRASLADO DE DOS PERSONAS PRIVADAS DE SU LIBERTAD AL CEFERESO 14 DE DURANGO"},"content":{"rendered":"<p>La Subsecretar\u00eda de Prevenci\u00f3n y Reinserci\u00f3n Social de la Secretar\u00eda de Seguridad P\u00fablica de Oaxaca (SSPO) da a conocer que, este mi\u00e9rcoles, la dependencia particip\u00f3 en el traslado de dos personas del sexo masculino hacia el Centro Federal de Readaptaci\u00f3n Social (CEFERESO) n\u00famero 14, ubicado en el Estado de Durango, debido a que ambos sujetos son considerados de alto riesgo institucional.<\/p>\n<p>Se trata de Jos\u00e9 Luis P. M., mismo que fue sentenciado a 33 a\u00f1os de prisi\u00f3n por secuestro y delincuencia organizada, y Polux M. B., quien, tras enfrentar cargos de secuestro y homicidio, deber\u00e1 cumplir 70 a\u00f1os privado de su libertad.<\/p>\n<p><img decoding=\"async\" src=\"https:\/\/sspo.gob.mx\/wp-content\/uploads\/2017\/08\/3-2-2.jpg\" \/><\/p>\n<p>El traslado dio inicio alrededor de las 12:00 horas, donde los sujetos que se encontraban cumpliendo su sentencia en el Reclusorio de Etla fueron llevados hacia el CEFERESO 14, culminando el operativo en punto de las 16:15 horas sin novedad.<\/p>\n<p>Cabe se\u00f1alar que estos traslados evitan que quienes son catalogados como de alta peligrosidad mantengan relaci\u00f3n con aquellos que son considerados de menor riesgo, previniendo que se genere la formaci\u00f3n de mesas directivas o autogobierno dentro de los Centros de Reclusi\u00f3n, ya que esto podr\u00eda poner en riesgo la integridad f\u00edsica de las personas privadas de su libertad.<\/p>\n<p><img decoding=\"async\" src=\"https:\/\/sspo.gob.mx\/wp-content\/uploads\/2017\/08\/2-2-4.jpg\" \/><\/p>\n","protected":false},"excerpt":{"rendered":"<p>La Subsecretar\u00eda de Prevenci\u00f3n y Reinserci\u00f3n Social de la Secretar\u00eda de Seguridad P\u00fablica de Oaxaca (SSPO) da a conocer que,<\/p>\n","protected":false},"author":2,"featured_media":27792,"comment_status":"closed","ping_status":"open","sticky":false,"template":"","format":"standard","meta":{"footnotes":""},"categories":[7],"tags":[],"_links":{"self":[{"href":"https:\/\/www.sspo.gob.mx\/index.php?rest_route=\/wp\/v2\/posts\/27789"}],"collection":[{"href":"https:\/\/www.sspo.gob.mx\/index.php?rest_route=\/wp\/v2\/posts"}],"about":[{"href":"https:\/\/www.sspo.gob.mx\/index.php?rest_route=\/wp\/v2\/types\/post"}],"author":[{"embeddable":true,"href":"https:\/\/www.sspo.gob.mx\/index.php?rest_route=\/wp\/v2\/users\/2"}],"replies":[{"embeddable":true,"href":"https:\/\/www.sspo.gob.mx\/index.php?rest_route=%2Fwp%2Fv2%2Fcomments&post=27789"}],"version-history":[{"count":1,"href":"https:\/\/www.sspo.gob.mx\/index.php?rest_route=\/wp\/v2\/posts\/27789\/revisions"}],"predecessor-version":[{"id":27793,"href":"https:\/\/www.sspo.gob.mx\/index.php?rest_route=\/wp\/v2\/posts\/27789\/revisions\/27793"}],"wp:featuredmedia":[{"embeddable":true,"href":"https:\/\/www.sspo.gob.mx\/index.php?rest_route=\/wp\/v2\/media\/27792"}],"wp:attachment":[{"href":"https:\/\/www.sspo.gob.mx\/index.php?rest_route=%2Fwp%2Fv2%2Fmedia&parent=27789"}],"wp:term":[{"taxonomy":"category","embeddable":true,"href":"https:\/\/www.sspo.gob.mx\/index.php?rest_route=%2Fwp%2Fv2%2Fcategories&post=27789"},{"taxonomy":"post_tag","embeddable":true,"href":"https:\/\/www.sspo.gob.mx\/index.php?rest_route=%2Fwp%2Fv2%2Ftags&post=27789"}],"curies":[{"name":"wp","href":"https:\/\/api.w.org\/{rel}","templated":true}]}}