{"id":28049,"date":"2017-08-29T12:48:18","date_gmt":"2017-08-29T18:48:18","guid":{"rendered":"https:\/\/sspo.gob.mx\/?p=28049"},"modified":"2017-08-29T12:48:26","modified_gmt":"2017-08-29T18:48:26","slug":"recibe-heroico-cuerpo-de-bomberos-equipamiento-y-tres-vehiculos-especializados","status":"publish","type":"post","link":"https:\/\/www.sspo.gob.mx\/?p=28049","title":{"rendered":"RECIBE HEROICO CUERPO DE BOMBEROS EQUIPAMIENTO Y TRES VEH\u00cdCULOS ESPECIALIZADOS"},"content":{"rendered":"<p>*** El Gobernador del Estado Alejandro Murat Hinojosa reconoce y felicita a los bomberos por su loable labor en su d\u00eda<\/p>\n<p>En el marco de los festejos por el D\u00eda del Bombero conmemorado el pasado 22 de agosto, el Gobierno del Estado encabezado por el Maestro Alejandro Murat Hinojosa, y la Secretar\u00eda de Seguridad P\u00fablica de Oaxaca (SSPO), reconocieron este d\u00eda la noble labor de sacrificio, voluntad y acci\u00f3n de los vulcanos en la entidad.<\/p>\n<p>Durante el acto protocolario en donde estuvieron presentes elementos de las tres subestaciones del Heroico Cuerpo de bomberos existentes en los Valles Centrales, y en donde se ofreci\u00f3 un desayuno en su honor, el mandatario estatal hizo entrega oficial de tres veh\u00edculos especializados.<\/p>\n<p><img decoding=\"async\" src=\"https:\/\/sspo.gob.mx\/wp-content\/uploads\/2017\/08\/1-2-7-1024x576.jpg\" \/><\/p>\n<p>Se trata de un carro escala, una ambulancia tipo 2 y una unidad de rescate urbano, con los cuales se espera reforzar las labores cotidianas de los elementos, as\u00ed como la entrega de 30 equipos de protecci\u00f3n personal compuestos por cascos, chaquetones, monjas, guantes, pantalones, tirantes y botas, sin olvidar la herramienta m\u00faltiple manual personalizada para cada bombero.<\/p>\n<p>Del mismo modo las autoridades presentes entregaron reconocimientos a los bomberos que cursaron diversos cursos de capacitaci\u00f3n y especializaci\u00f3n, lo que les permitir\u00e1 prestar un mejor servicio a la ciudadan\u00eda en caso de emergencia.<\/p>\n<p>Al respecto el Mandatario Estatal reconoci\u00f3 a cada uno de los hombres y mujeres que hacen posible que todos los d\u00edas los ciudadanos puedan salir a las calles y tener tranquilidad para realizar sus labores y disfrutar sus actividades en familia.<\/p>\n<p><img decoding=\"async\" src=\"https:\/\/sspo.gob.mx\/wp-content\/uploads\/2017\/08\/2-2-8-1024x231.jpg\" \/><\/p>\n<p>\u201cPara m\u00ed es muy importante estar aqu\u00ed y decirles que a nombre de Oaxaca y de todas las familias, les agradecemos su esfuerzo, su vocaci\u00f3n y su disposici\u00f3n para darnos esa certeza de tener la normalidad que necesitamos para cumplir metas\u201d, enfatiz\u00f3.<\/p>\n<p>En el mismo sentido reiter\u00f3 su compromiso, el de su gobierno y el de toda la sociedad de Oaxaca para con los bomberos: \u201cdurante el periodo de mi administraci\u00f3n trabajaremos siempre y sabremos escuchar lo que ustedes necesitan para que juntos logremos los objetivos que quiere Oaxaca. Vivan los bomberos y sus familias\u201d, culmin\u00f3.<\/p>\n<p><img decoding=\"async\" src=\"https:\/\/sspo.gob.mx\/wp-content\/uploads\/2017\/08\/3-1-6-1024x576.jpg\" \/><\/p>\n<p>Por su parte, el titular de la SSPO, Capit\u00e1n Jos\u00e9 Raymundo Tu\u00f1\u00f3n J\u00e1uregui, agradeci\u00f3 a los presentes el servicio que realizan las 24 horas de d\u00eda en todo lugar y en todo momento, ya que dijo, son el ejemplo vivo de la abnegaci\u00f3n por el servicio.<\/p>\n<p>De la misma manera reconoci\u00f3 el apoyo incondicional del Patronato de Bomberos, que en su labor altruista, en conjunto con el Comit\u00e9 de la Ciudad Hermana de Palo Alto California lograron hacer realidad la entrega de los veh\u00edculos especializados, as\u00ed como del equipamiento que desde hace m\u00e1s de 12 a\u00f1os no se recib\u00eda.<\/p>\n<p><img decoding=\"async\" src=\"https:\/\/sspo.gob.mx\/wp-content\/uploads\/2017\/08\/5-1-3-1024x576.jpg\" \/><\/p>\n<p>Record\u00f3 que como parte de la pol\u00edtica en materia de seguridad p\u00fablica, la SSPO a su cargo, pondera la capacitaci\u00f3n de las corporaciones de la instituci\u00f3n, por lo cual se ha implementado durante cada mes la \u201cSemana del Bombero\u201d en el Instituto de Profesionalizaci\u00f3n, consistente en evaluar y actualizar conocimientos, as\u00ed como fortalecer la condici\u00f3n f\u00edsica de los elementos.<\/p>\n<p>Cabe mencionar que como resultado de lo anterior, hasta el momento han egresado ya cinco generaciones de bomberos, con lo cual, el secretario de Seguridad P\u00fablica de Oaxaca inform\u00f3 que se encuentran listos para recibir en la entidad a bomberos de otros estados.<\/p>\n<p><img decoding=\"async\" src=\"https:\/\/sspo.gob.mx\/wp-content\/uploads\/2017\/08\/8-6-1024x576.jpg\" \/><\/p>\n<p>En su oportunidad, Manuel Maza S\u00e1nchez, Director del H. Cuerpo de Bomberos, a nombre de los 160 bomberos que integran el equipo, dijo que fue un honor recibir al Gobernador del Estado junto con toda la gente que d\u00eda con d\u00eda deja su coraz\u00f3n en el servicio y que le roba horas a su familia para d\u00e1rselas a la sociedad.<\/p>\n<p>\u201cSomos bien recompensados porque la ciudadan\u00eda sabe de nuestro empe\u00f1o, agradezco a nuestros compa\u00f1eros que hacen que nuestra corporaci\u00f3n se encuentre en los niveles en donde actualmente est\u00e1. El d\u00eda de hoy si\u00e9ntanse honrados y orgullosos de nuestro actuar\u201d, culmin\u00f3.<\/p>\n<p><img decoding=\"async\" src=\"https:\/\/sspo.gob.mx\/wp-content\/uploads\/2017\/08\/9-3-1024x576.jpg\" \/><\/p>\n<p>Como invitados especiales al festejo acudieron el Diputado Local Manuel Rafael Le\u00f3n S\u00e1nchez, Integrante de la Sexag\u00e9sima Tercera Legislatura del Honorable Congreso del Estado; Maestro Jos\u00e9 Manuel Vera Salinas, Presidente del Secretariado Ejecutivo de la Secretar\u00eda de Seguridad P\u00fablica; Capit\u00e1n Jos\u00e9 A. S\u00e1nchez Saldierna, Comisionado de la Polic\u00eda Estatal; Licenciado C\u00e9sar Manuel Bola\u00f1os Cacho, Presidente del Patronato para Apoyo a Bomberos AC y el Licenciado V\u00edctor Manuel Castillo Gonz\u00e1les, Tesorero del Patronato para Apoyo a Bomberos AC., as\u00ed como Mar\u00eda Guadalupe Hern\u00e1ndez Renter\u00eda de Vargas, Presidenta del Comit\u00e9 de Ciudades Hermanas de Palo Alto Usa-Oaxmx.<\/p>\n<p><img decoding=\"async\" src=\"https:\/\/sspo.gob.mx\/wp-content\/uploads\/2017\/08\/7-5-1024x576.jpg\" \/><\/p>\n","protected":false},"excerpt":{"rendered":"<p>*** El Gobernador del Estado Alejandro Murat Hinojosa reconoce y felicita a los bomberos por su loable labor en su<\/p>\n","protected":false},"author":2,"featured_media":28058,"comment_status":"closed","ping_status":"open","sticky":false,"template":"","format":"standard","meta":{"footnotes":""},"categories":[7],"tags":[],"_links":{"self":[{"href":"https:\/\/www.sspo.gob.mx\/index.php?rest_route=\/wp\/v2\/posts\/28049"}],"collection":[{"href":"https:\/\/www.sspo.gob.mx\/index.php?rest_route=\/wp\/v2\/posts"}],"about":[{"href":"https:\/\/www.sspo.gob.mx\/index.php?rest_route=\/wp\/v2\/types\/post"}],"author":[{"embeddable":true,"href":"https:\/\/www.sspo.gob.mx\/index.php?rest_route=\/wp\/v2\/users\/2"}],"replies":[{"embeddable":true,"href":"https:\/\/www.sspo.gob.mx\/index.php?rest_route=%2Fwp%2Fv2%2Fcomments&post=28049"}],"version-history":[{"count":1,"href":"https:\/\/www.sspo.gob.mx\/index.php?rest_route=\/wp\/v2\/posts\/28049\/revisions"}],"predecessor-version":[{"id":28063,"href":"https:\/\/www.sspo.gob.mx\/index.php?rest_route=\/wp\/v2\/posts\/28049\/revisions\/28063"}],"wp:featuredmedia":[{"embeddable":true,"href":"https:\/\/www.sspo.gob.mx\/index.php?rest_route=\/wp\/v2\/media\/28058"}],"wp:attachment":[{"href":"https:\/\/www.sspo.gob.mx\/index.php?rest_route=%2Fwp%2Fv2%2Fmedia&parent=28049"}],"wp:term":[{"taxonomy":"category","embeddable":true,"href":"https:\/\/www.sspo.gob.mx\/index.php?rest_route=%2Fwp%2Fv2%2Fcategories&post=28049"},{"taxonomy":"post_tag","embeddable":true,"href":"https:\/\/www.sspo.gob.mx\/index.php?rest_route=%2Fwp%2Fv2%2Ftags&post=28049"}],"curies":[{"name":"wp","href":"https:\/\/api.w.org\/{rel}","templated":true}]}}