{"id":28079,"date":"2017-08-30T09:43:19","date_gmt":"2017-08-30T15:43:19","guid":{"rendered":"https:\/\/sspo.gob.mx\/?p=28079"},"modified":"2017-08-30T09:43:28","modified_gmt":"2017-08-30T15:43:28","slug":"realizan-operativo-de-revision-en-cereso-de-san-pedro-pochutla-sspo","status":"publish","type":"post","link":"https:\/\/www.sspo.gob.mx\/?p=28079","title":{"rendered":"REALIZAN OPERATIVO DE REVISI\u00d3N EN CERESO DE SAN PEDRO POCHUTLA: SSPO"},"content":{"rendered":"<p>La Secretar\u00eda de Seguridad P\u00fablica de Oaxaca (SSPO) dio a conocer a trav\u00e9s de la Subsecretar\u00eda de Prevenci\u00f3n y Reinserci\u00f3n Social, que la noche del pasado martes, en coordinaci\u00f3n con la Polic\u00eda Estatal y la Secretar\u00eda de la Defensa Nacional (SEDENA) implement\u00f3 un operativo de revisi\u00f3n en el Centro de Internamiento de San Pedro Pochutla.<\/p>\n<p>Concluido el dispositivo alrededor de las 04:00 horas de este mi\u00e9rcoles, las autoridades penitenciarias informaron que producto de dicha incursi\u00f3n, se decomisaron 37 dosis de marihuana, tres paquetes m\u00e1s del mismo enervante en gre\u00f1a y diversas bolsas conteniendo algunas drogas, as\u00ed como art\u00edculos prohibidos.<\/p>\n<p><img decoding=\"async\" src=\"https:\/\/sspo.gob.mx\/wp-content\/uploads\/2017\/08\/03-14.jpg\" \/><\/p>\n<p>Ello, al haberse revisado todos los dormitorios, ba\u00f1os, cocina y las \u00e1reas de carpinter\u00eda, m\u00e9dica y de uso com\u00fan de ese Centro de Reinserci\u00f3n Social (CERESO).<\/p>\n<p>Lo anterior, con la finalidad de garantizar el orden y tranquilidad al interior del CERESO, siempre anteponiendo el respeto irrestricto de los derechos humanos de las personas privadas de la libertad.<\/p>\n<p><img decoding=\"async\" src=\"https:\/\/sspo.gob.mx\/wp-content\/uploads\/2017\/08\/02-1-8.jpg\" \/><\/p>\n<p><img decoding=\"async\" src=\"https:\/\/sspo.gob.mx\/wp-content\/uploads\/2017\/08\/04-9.jpg\" \/><\/p>\n<p><img decoding=\"async\" src=\"https:\/\/sspo.gob.mx\/wp-content\/uploads\/2017\/08\/07-3.jpg\" \/><\/p>\n","protected":false},"excerpt":{"rendered":"<p>La Secretar\u00eda de Seguridad P\u00fablica de Oaxaca (SSPO) dio a conocer a trav\u00e9s de la Subsecretar\u00eda de Prevenci\u00f3n y Reinserci\u00f3n<\/p>\n","protected":false},"author":2,"featured_media":28080,"comment_status":"closed","ping_status":"open","sticky":false,"template":"","format":"standard","meta":{"footnotes":""},"categories":[7],"tags":[],"_links":{"self":[{"href":"https:\/\/www.sspo.gob.mx\/index.php?rest_route=\/wp\/v2\/posts\/28079"}],"collection":[{"href":"https:\/\/www.sspo.gob.mx\/index.php?rest_route=\/wp\/v2\/posts"}],"about":[{"href":"https:\/\/www.sspo.gob.mx\/index.php?rest_route=\/wp\/v2\/types\/post"}],"author":[{"embeddable":true,"href":"https:\/\/www.sspo.gob.mx\/index.php?rest_route=\/wp\/v2\/users\/2"}],"replies":[{"embeddable":true,"href":"https:\/\/www.sspo.gob.mx\/index.php?rest_route=%2Fwp%2Fv2%2Fcomments&post=28079"}],"version-history":[{"count":1,"href":"https:\/\/www.sspo.gob.mx\/index.php?rest_route=\/wp\/v2\/posts\/28079\/revisions"}],"predecessor-version":[{"id":28089,"href":"https:\/\/www.sspo.gob.mx\/index.php?rest_route=\/wp\/v2\/posts\/28079\/revisions\/28089"}],"wp:featuredmedia":[{"embeddable":true,"href":"https:\/\/www.sspo.gob.mx\/index.php?rest_route=\/wp\/v2\/media\/28080"}],"wp:attachment":[{"href":"https:\/\/www.sspo.gob.mx\/index.php?rest_route=%2Fwp%2Fv2%2Fmedia&parent=28079"}],"wp:term":[{"taxonomy":"category","embeddable":true,"href":"https:\/\/www.sspo.gob.mx\/index.php?rest_route=%2Fwp%2Fv2%2Fcategories&post=28079"},{"taxonomy":"post_tag","embeddable":true,"href":"https:\/\/www.sspo.gob.mx\/index.php?rest_route=%2Fwp%2Fv2%2Ftags&post=28079"}],"curies":[{"name":"wp","href":"https:\/\/api.w.org\/{rel}","templated":true}]}}