{"id":28195,"date":"2017-09-04T11:52:07","date_gmt":"2017-09-04T17:52:07","guid":{"rendered":"https:\/\/sspo.gob.mx\/?p=28195"},"modified":"2017-09-04T11:52:07","modified_gmt":"2017-09-04T17:52:07","slug":"sujeto-armado-fue-detenido-en-ciudad-ixtepec-policia-estatal","status":"publish","type":"post","link":"https:\/\/www.sspo.gob.mx\/?p=28195","title":{"rendered":"SUJETO ARMADO FUE DETENIDO EN CIUDAD IXTEPEC: POLIC\u00cdA ESTATAL"},"content":{"rendered":"<p>La Comandancia Regional de la Polic\u00eda Estatal establecida en el Istmo de Tehuantepec, confirm\u00f3 la detenci\u00f3n de Isa\u00ed O. L. de 35 a\u00f1os de edad, a quien le fue asegurada un arma de fuego tipo escuadra, calibre 22, marca Star, matr\u00edcula FR993688, con un cargador abastecida de 10 cartuchos, as\u00ed como una cajita de municiones del mismo calibre, conteniendo 34.<\/p>\n<p><img decoding=\"async\" src=\"https:\/\/sspo.gob.mx\/wp-content\/uploads\/2017\/09\/01.jpg\" \/><\/p>\n<p>Cabe se\u00f1alar que el imputado no present\u00f3 la licencia correspondiente, por lo que los polic\u00edas estatales lo trasladaron a la Fiscal\u00eda Federal de Mat\u00edas Romero, para que se determine lo procedente conforme a derecho.<\/p>\n<p>Dicha detenci\u00f3n fue producto de los patrullajes que los elementos de seguridad estatal realizaban alrededor de las 10:00 horas de este lunes, en la avenida Ferrocarril, zona centro de la Ciudad Ixtepec.<\/p>\n<p>Lo anterior, al haber inspeccionado el veh\u00edculo marca Toyota Hilux, doble cabina, color blanco y placa de circulaci\u00f3n MUN2922 del Estado de M\u00e9xico, mismo que era conducido por el arriba nombrado.<\/p>\n<p><img decoding=\"async\" src=\"https:\/\/sspo.gob.mx\/wp-content\/uploads\/2017\/09\/02.jpg\" \/><\/p>\n<p><img decoding=\"async\" src=\"https:\/\/sspo.gob.mx\/wp-content\/uploads\/2017\/09\/03.jpg\" \/><\/p>\n<p>Oaxaca de Ju\u00e1rez, Oaxaca, septiembre 04 de 2017.<\/p>\n<p>&nbsp;<\/p>\n","protected":false},"excerpt":{"rendered":"<p>La Comandancia Regional de la Polic\u00eda Estatal establecida en el Istmo de Tehuantepec, confirm\u00f3 la detenci\u00f3n de Isa\u00ed O. L.<\/p>\n","protected":false},"author":2,"featured_media":28198,"comment_status":"closed","ping_status":"open","sticky":false,"template":"","format":"standard","meta":{"footnotes":""},"categories":[7],"tags":[],"_links":{"self":[{"href":"https:\/\/www.sspo.gob.mx\/index.php?rest_route=\/wp\/v2\/posts\/28195"}],"collection":[{"href":"https:\/\/www.sspo.gob.mx\/index.php?rest_route=\/wp\/v2\/posts"}],"about":[{"href":"https:\/\/www.sspo.gob.mx\/index.php?rest_route=\/wp\/v2\/types\/post"}],"author":[{"embeddable":true,"href":"https:\/\/www.sspo.gob.mx\/index.php?rest_route=\/wp\/v2\/users\/2"}],"replies":[{"embeddable":true,"href":"https:\/\/www.sspo.gob.mx\/index.php?rest_route=%2Fwp%2Fv2%2Fcomments&post=28195"}],"version-history":[{"count":1,"href":"https:\/\/www.sspo.gob.mx\/index.php?rest_route=\/wp\/v2\/posts\/28195\/revisions"}],"predecessor-version":[{"id":28199,"href":"https:\/\/www.sspo.gob.mx\/index.php?rest_route=\/wp\/v2\/posts\/28195\/revisions\/28199"}],"wp:featuredmedia":[{"embeddable":true,"href":"https:\/\/www.sspo.gob.mx\/index.php?rest_route=\/wp\/v2\/media\/28198"}],"wp:attachment":[{"href":"https:\/\/www.sspo.gob.mx\/index.php?rest_route=%2Fwp%2Fv2%2Fmedia&parent=28195"}],"wp:term":[{"taxonomy":"category","embeddable":true,"href":"https:\/\/www.sspo.gob.mx\/index.php?rest_route=%2Fwp%2Fv2%2Fcategories&post=28195"},{"taxonomy":"post_tag","embeddable":true,"href":"https:\/\/www.sspo.gob.mx\/index.php?rest_route=%2Fwp%2Fv2%2Ftags&post=28195"}],"curies":[{"name":"wp","href":"https:\/\/api.w.org\/{rel}","templated":true}]}}