{"id":28343,"date":"2017-09-14T08:55:53","date_gmt":"2017-09-14T14:55:53","guid":{"rendered":"https:\/\/sspo.gob.mx\/?p=28343"},"modified":"2017-09-14T08:55:53","modified_gmt":"2017-09-14T14:55:53","slug":"policias-estatales-detienen-a-sujeto-por-portacion-de-arma-de-fuego","status":"publish","type":"post","link":"https:\/\/www.sspo.gob.mx\/?p=28343","title":{"rendered":"POLIC\u00cdAS ESTATALES DETIENEN A SUJETO POR PORTACI\u00d3N DE ARMA DE FUEGO"},"content":{"rendered":"<p>La Comandancia Regional de Tuxtepec, adscrita a la Polic\u00eda Estatal de la Secretar\u00eda de Seguridad P\u00fablica de Oaxaca (SSPO), dio a conocer que la tarde del jueves procedieron a realizar la detenci\u00f3n de un sujeto por portaci\u00f3n ilegal de arma de fuego.<\/p>\n<p>El hecho se registr\u00f3 alrededor de las 18:30 horas durante recorridos de disuasi\u00f3n, prevenci\u00f3n y vigilancia sobre el camino de terracer\u00eda que conduce de Vigastepec a Santiago Texcalcingo, a la altura del paraje denominado Coguitongo.<\/p>\n<p>En el lugar, los uniformados observaron una camioneta marca Nissan, doble cabina, color verde, con placas de circulaci\u00f3n RW88054, a la cual se le marc\u00f3 el alto para solicitar una inspecci\u00f3n al conductor y la mencionada unidad de motor.<\/p>\n<p>Fue as\u00ed como de la batea del veh\u00edculo descendi\u00f3 Miguel M. G., de 55 a\u00f1os de edad, a quien se le encontr\u00f3 a la altura de la cintura del lado derecho un arma de fuego corta tipo Escuadra, calibre 22, L.R., matr\u00edcula 770880, marca Star, con un cargador met\u00e1lico abastecido con 6 cartuchos \u00fatiles del mismo calibre.<\/p>\n<p>Cabe mencionar que al no contar con el permiso o licencia correspondiente para su portaci\u00f3n, tanto el detenido como el arma y cartuchos, fueron puestos a disposici\u00f3n del agente del Ministerio P\u00fablico de la Federaci\u00f3n en turno en la Ciudad de San Juan Bautista Tuxtepec.<\/p>\n<p><img decoding=\"async\" src=\"https:\/\/sspo.gob.mx\/wp-content\/uploads\/2017\/09\/1-11-576x1024.jpg\" \/><\/p>\n","protected":false},"excerpt":{"rendered":"<p>La Comandancia Regional de Tuxtepec, adscrita a la Polic\u00eda Estatal de la Secretar\u00eda de Seguridad P\u00fablica de Oaxaca (SSPO), dio<\/p>\n","protected":false},"author":2,"featured_media":28345,"comment_status":"closed","ping_status":"open","sticky":false,"template":"","format":"standard","meta":{"footnotes":""},"categories":[7],"tags":[],"_links":{"self":[{"href":"https:\/\/www.sspo.gob.mx\/index.php?rest_route=\/wp\/v2\/posts\/28343"}],"collection":[{"href":"https:\/\/www.sspo.gob.mx\/index.php?rest_route=\/wp\/v2\/posts"}],"about":[{"href":"https:\/\/www.sspo.gob.mx\/index.php?rest_route=\/wp\/v2\/types\/post"}],"author":[{"embeddable":true,"href":"https:\/\/www.sspo.gob.mx\/index.php?rest_route=\/wp\/v2\/users\/2"}],"replies":[{"embeddable":true,"href":"https:\/\/www.sspo.gob.mx\/index.php?rest_route=%2Fwp%2Fv2%2Fcomments&post=28343"}],"version-history":[{"count":1,"href":"https:\/\/www.sspo.gob.mx\/index.php?rest_route=\/wp\/v2\/posts\/28343\/revisions"}],"predecessor-version":[{"id":28347,"href":"https:\/\/www.sspo.gob.mx\/index.php?rest_route=\/wp\/v2\/posts\/28343\/revisions\/28347"}],"wp:featuredmedia":[{"embeddable":true,"href":"https:\/\/www.sspo.gob.mx\/index.php?rest_route=\/wp\/v2\/media\/28345"}],"wp:attachment":[{"href":"https:\/\/www.sspo.gob.mx\/index.php?rest_route=%2Fwp%2Fv2%2Fmedia&parent=28343"}],"wp:term":[{"taxonomy":"category","embeddable":true,"href":"https:\/\/www.sspo.gob.mx\/index.php?rest_route=%2Fwp%2Fv2%2Fcategories&post=28343"},{"taxonomy":"post_tag","embeddable":true,"href":"https:\/\/www.sspo.gob.mx\/index.php?rest_route=%2Fwp%2Fv2%2Ftags&post=28343"}],"curies":[{"name":"wp","href":"https:\/\/api.w.org\/{rel}","templated":true}]}}