{"id":28611,"date":"2017-09-28T16:38:21","date_gmt":"2017-09-28T22:38:21","guid":{"rendered":"https:\/\/sspo.gob.mx\/?p=28611"},"modified":"2017-09-28T16:38:21","modified_gmt":"2017-09-28T22:38:21","slug":"instala-sspo-comites-de-prevencion-del-delito-en-santa-cruz-mixtepec","status":"publish","type":"post","link":"https:\/\/www.sspo.gob.mx\/?p=28611","title":{"rendered":"INSTALA SSPO COMIT\u00c9S DE PREVENCI\u00d3N DEL DELITO EN SANTA CRUZ MIXTEPEC"},"content":{"rendered":"<p>La Direcci\u00f3n General de Prevenci\u00f3n del Delito y Participaci\u00f3n Ciudadana de la Secretar\u00eda de Seguridad P\u00fablica de Oaxaca (SSPO) present\u00f3 el Programa Integral para la Prevenci\u00f3n Social del Delito, de la Violencia y la Delincuencia a los padres de familia de las instituciones educativas que se ubican en Santa Cruz Mixtepec, perteneciente al Distrito de Zimatl\u00e1n de \u00c1lvarez.<\/p>\n<p>Lo anterior, en cumplimiento a las instrucciones giradas por el Gobernador del Estado, Maestro Alejandro Murat Hinojosa, quien en materia de seguridad p\u00fablica considera como tema prioritario la prevenci\u00f3n del delito. Es por ello que la SSPO busca conformar Comit\u00e9s de Consulta y Participaci\u00f3n Ciudadana en la entidad.<\/p>\n<p>En este sentido, el Director General de Prevenci\u00f3n del Delito y Participaci\u00f3n Ciudadana, H\u00e9ctor Quiroz, exhort\u00f3 a los asistentes a hacer el mayor de los esfuerzos para acercarse con los j\u00f3venes, vecinos y familias a fin de recomponer el tejido social.<\/p>\n<p>Por otra parte, no omiti\u00f3 invitar a los presentes a incluirse en las actividades del programa \u201cVecino \u2013 Familia \u2013 Hogar\u201d, en donde se fomenta la formaci\u00f3n e instalaci\u00f3n de redes vecinales que permitan a los ciudadanos trabajar en conjunto para prevenir las actividades il\u00edcitas.<\/p>\n<p>Entre tanto, por una \u201cEscuela Segura\u201d, se promueve la capacitaci\u00f3n a las autoridades escolares, padres de familia y alumnos, quienes, a trav\u00e9s de acciones y  medidas preventivas contribuyan a disminuir la inseguridad escolar.<\/p>\n<p>El Director H\u00e9ctor Quiroz tambi\u00e9n coment\u00f3 que se tiene el programa \u201cA Poblaci\u00f3n Abierta\u201d, el cual brinda atenci\u00f3n a grupos vulnerables con el prop\u00f3sito de implementar acciones que permitan disuadir conductas de riesgo, antisociales, infracciones y diversos delitos.<\/p>\n","protected":false},"excerpt":{"rendered":"<p>La Direcci\u00f3n General de Prevenci\u00f3n del Delito y Participaci\u00f3n Ciudadana de la Secretar\u00eda de Seguridad P\u00fablica de Oaxaca (SSPO) present\u00f3<\/p>\n","protected":false},"author":2,"featured_media":28613,"comment_status":"closed","ping_status":"open","sticky":false,"template":"","format":"standard","meta":{"footnotes":""},"categories":[7],"tags":[],"_links":{"self":[{"href":"https:\/\/www.sspo.gob.mx\/index.php?rest_route=\/wp\/v2\/posts\/28611"}],"collection":[{"href":"https:\/\/www.sspo.gob.mx\/index.php?rest_route=\/wp\/v2\/posts"}],"about":[{"href":"https:\/\/www.sspo.gob.mx\/index.php?rest_route=\/wp\/v2\/types\/post"}],"author":[{"embeddable":true,"href":"https:\/\/www.sspo.gob.mx\/index.php?rest_route=\/wp\/v2\/users\/2"}],"replies":[{"embeddable":true,"href":"https:\/\/www.sspo.gob.mx\/index.php?rest_route=%2Fwp%2Fv2%2Fcomments&post=28611"}],"version-history":[{"count":1,"href":"https:\/\/www.sspo.gob.mx\/index.php?rest_route=\/wp\/v2\/posts\/28611\/revisions"}],"predecessor-version":[{"id":28615,"href":"https:\/\/www.sspo.gob.mx\/index.php?rest_route=\/wp\/v2\/posts\/28611\/revisions\/28615"}],"wp:featuredmedia":[{"embeddable":true,"href":"https:\/\/www.sspo.gob.mx\/index.php?rest_route=\/wp\/v2\/media\/28613"}],"wp:attachment":[{"href":"https:\/\/www.sspo.gob.mx\/index.php?rest_route=%2Fwp%2Fv2%2Fmedia&parent=28611"}],"wp:term":[{"taxonomy":"category","embeddable":true,"href":"https:\/\/www.sspo.gob.mx\/index.php?rest_route=%2Fwp%2Fv2%2Fcategories&post=28611"},{"taxonomy":"post_tag","embeddable":true,"href":"https:\/\/www.sspo.gob.mx\/index.php?rest_route=%2Fwp%2Fv2%2Ftags&post=28611"}],"curies":[{"name":"wp","href":"https:\/\/api.w.org\/{rel}","templated":true}]}}