{"id":28634,"date":"2017-09-29T18:59:34","date_gmt":"2017-09-30T00:59:34","guid":{"rendered":"https:\/\/sspo.gob.mx\/?p=28634"},"modified":"2017-09-29T18:59:34","modified_gmt":"2017-09-30T00:59:34","slug":"trece-decomisos-en-el-sistema-penitenciario-durante-la-ultima-semana-de-septiembre-sspo","status":"publish","type":"post","link":"https:\/\/www.sspo.gob.mx\/?p=28634","title":{"rendered":"TRECE DECOMISOS EN EL SISTEMA PENITENCIARIO DURANTE LA \u00daLTIMA SEMANA DE SEPTIEMBRE: SSPO"},"content":{"rendered":"<p>La Subsecretar\u00eda de Prevenci\u00f3n y Reinserci\u00f3n Social de la Secretar\u00eda de Seguridad P\u00fablica de Oaxaca (SSPO) informa que las acciones de seguridad implementadas por elementos de Custodia Penitenciaria, dieron como resultado un total de 13 decomisos en 4 de los 17 Centros de Reinserci\u00f3n Social (CERESO) del Estado.<\/p>\n<p><img decoding=\"async\" src=\"https:\/\/sspo.gob.mx\/wp-content\/uploads\/2017\/09\/1-2-3.jpg\" \/><\/p>\n<p>Lo anterior se registr\u00f3 del pasado 23 del mes y a\u00f1o actuales, a la fecha. Periodo en el que 6 decomisos de marihuana, 3 de hero\u00edna y uno de cristal fueron realizados luego de encontrarse ocultos en distintas dosis, adem\u00e1s, 3 celulares resultaron incautados.<\/p>\n<p><img decoding=\"async\" src=\"https:\/\/sspo.gob.mx\/wp-content\/uploads\/2017\/09\/3-2-2.jpg\" \/><\/p>\n<p>Los CERESOS implicados son la Penitenciar\u00eda Central y los que se encuentran ubicados en Villa de Etla, Cuicatl\u00e1n y Santo Domingo Tehuantepec, siendo el de mayor incidencia el ubicado en Etla, esto al registrar el 46.1 por ciento de los casos.<\/p>\n<p>Cabe se\u00f1alar que en cumplimiento a los protocolos y normas que rigen el Sistema Penitenciario, durante el mismo periodo se efectuaron 38 revisiones al interior de los CERESOS de la entidad.<\/p>\n<p><img decoding=\"async\" src=\"https:\/\/sspo.gob.mx\/wp-content\/uploads\/2017\/09\/6-7.jpg\" \/><\/p>\n<p>En este sentido, la SSPO reafirma el compromiso de implementar acciones preventivas y de seguridad para garantizar el orden y la tranquilidad de las personas privadas de su libertad.<\/p>\n<p><img decoding=\"async\" src=\"https:\/\/sspo.gob.mx\/wp-content\/uploads\/2017\/09\/5-7.jpg\" \/><\/p>\n","protected":false},"excerpt":{"rendered":"<p>La Subsecretar\u00eda de Prevenci\u00f3n y Reinserci\u00f3n Social de la Secretar\u00eda de Seguridad P\u00fablica de Oaxaca (SSPO) informa que las acciones<\/p>\n","protected":false},"author":2,"featured_media":28636,"comment_status":"closed","ping_status":"open","sticky":false,"template":"","format":"standard","meta":{"footnotes":""},"categories":[7],"tags":[],"_links":{"self":[{"href":"https:\/\/www.sspo.gob.mx\/index.php?rest_route=\/wp\/v2\/posts\/28634"}],"collection":[{"href":"https:\/\/www.sspo.gob.mx\/index.php?rest_route=\/wp\/v2\/posts"}],"about":[{"href":"https:\/\/www.sspo.gob.mx\/index.php?rest_route=\/wp\/v2\/types\/post"}],"author":[{"embeddable":true,"href":"https:\/\/www.sspo.gob.mx\/index.php?rest_route=\/wp\/v2\/users\/2"}],"replies":[{"embeddable":true,"href":"https:\/\/www.sspo.gob.mx\/index.php?rest_route=%2Fwp%2Fv2%2Fcomments&post=28634"}],"version-history":[{"count":1,"href":"https:\/\/www.sspo.gob.mx\/index.php?rest_route=\/wp\/v2\/posts\/28634\/revisions"}],"predecessor-version":[{"id":28641,"href":"https:\/\/www.sspo.gob.mx\/index.php?rest_route=\/wp\/v2\/posts\/28634\/revisions\/28641"}],"wp:featuredmedia":[{"embeddable":true,"href":"https:\/\/www.sspo.gob.mx\/index.php?rest_route=\/wp\/v2\/media\/28636"}],"wp:attachment":[{"href":"https:\/\/www.sspo.gob.mx\/index.php?rest_route=%2Fwp%2Fv2%2Fmedia&parent=28634"}],"wp:term":[{"taxonomy":"category","embeddable":true,"href":"https:\/\/www.sspo.gob.mx\/index.php?rest_route=%2Fwp%2Fv2%2Fcategories&post=28634"},{"taxonomy":"post_tag","embeddable":true,"href":"https:\/\/www.sspo.gob.mx\/index.php?rest_route=%2Fwp%2Fv2%2Ftags&post=28634"}],"curies":[{"name":"wp","href":"https:\/\/api.w.org\/{rel}","templated":true}]}}