{"id":28786,"date":"2017-10-11T08:52:37","date_gmt":"2017-10-11T14:52:37","guid":{"rendered":"https:\/\/sspo.gob.mx\/?p=28786"},"modified":"2017-10-11T08:52:37","modified_gmt":"2017-10-11T14:52:37","slug":"detiene-policia-estatal-a-cuatro-personas-por-presunta-violacion-a-la-ley-federal-de-uso-de-armas-de-fuego","status":"publish","type":"post","link":"https:\/\/www.sspo.gob.mx\/?p=28786","title":{"rendered":"DETIENE POLIC\u00cdA ESTATAL A CUATRO PERSONAS POR PRESUNTA VIOLACI\u00d3N A LA LEY FEDERAL DE USO DE ARMAS DE FUEGO"},"content":{"rendered":"<p>** Intervenciones ocurridas durante los patrullajes de seguridad realizados en las \u00faltimas horas en la Mixteca y la Cuenca del Papaloapan.<\/p>\n<p><img decoding=\"async\" src=\"https:\/\/sspo.gob.mx\/wp-content\/uploads\/2017\/10\/06-1.jpg\" \/><\/p>\n<p>La Polic\u00eda Estatal mantiene la realizaci\u00f3n de recorridos de seguridad ordinarios en la Ciudad Capital e interior de la entidad, a fin de prevenir y disuadir la comisi\u00f3n delictiva, producto de lo que durante las \u00faltimas horas fue reportada la detenci\u00f3n de cuatro personas -en dos distintas intervenciones- por presunta violaci\u00f3n a la Ley Federal de Uso de Armas de Fuego y Explosivos.<\/p>\n<p><img decoding=\"async\" src=\"https:\/\/sspo.gob.mx\/wp-content\/uploads\/2017\/10\/04-5.jpg\" \/><\/p>\n<p><img decoding=\"async\" src=\"https:\/\/sspo.gob.mx\/wp-content\/uploads\/2017\/10\/03-5.jpg\" \/><\/p>\n<p>El 1er. Sector de Seguridad Regional con sede en Huajuapan de Le\u00f3n, detall\u00f3 al respecto que siendo las 19:50 horas del pasado martes, en esa Ciudad, sobre la carretera que conduce de a Mariscala, a la altura de la desviaci\u00f3n a Rancho Solano, fue realizada la detenci\u00f3n de Carlos C. L., de 30 a\u00f1os de edad.<\/p>\n<p><img decoding=\"async\" src=\"https:\/\/sspo.gob.mx\/wp-content\/uploads\/2017\/10\/02-5.jpg\" \/><\/p>\n<p><img decoding=\"async\" src=\"https:\/\/sspo.gob.mx\/wp-content\/uploads\/2017\/10\/01-5.jpg\" \/><\/p>\n<p>Dicha persona circulaba a bordo de una motocicleta marca Italika, color rojo con negro y n\u00famero de serie 3SCPFTLEXE1000536, cuando se le realiz\u00f3 una revisi\u00f3n de seguridad, encontrando que llevaba fajada a la cintura una pistola calibre 22, marca Unikue, modelo 52, matr\u00edcula 479437, con un cargador y cuatro cartuchos \u00fatiles, para lo que no present\u00f3 la licencia de portaci\u00f3n correspondiente.<\/p>\n<p><img decoding=\"async\" src=\"https:\/\/sspo.gob.mx\/wp-content\/uploads\/2017\/10\/09.jpg\" \/><\/p>\n<p>Por este motivo, el imputado fue trasladado a la Procuradur\u00eda General de la Rep\u00fablica (PGR) con sede en Huajuapan de Le\u00f3n, para dejarlo a disposici\u00f3n de Ministerio P\u00fablico Federal.<\/p>\n<p>De la misma forma, la Comandancia Regional del Papaloapan con sede en San Juan Bautista Tuxtepec, dio a conocer que siendo las 21:00 horas, al implementar un operativo de seguridad y vigilancia, sobre el camino que conduce a R\u00edo Manzo, San Juan Lalana y carretera que conduce hacia Tuxtepec, efectuaron el aseguramiento de tres personas que portaban armas de fuego.<\/p>\n<p><img decoding=\"async\" src=\"https:\/\/sspo.gob.mx\/wp-content\/uploads\/2017\/10\/08.jpg\" \/><\/p>\n<p>Se trata de Audgusto M. S. de 39 a\u00f1os de edad, a quien se le asegur\u00f3 una pistola tipo escuadra Prieto Beretta calibre 380, con siete cartuchos \u00fatiles y un cargador met\u00e1lico; Eugenio G. B. de 29 a\u00f1os de edad, en portaci\u00f3n de una pistola tipo escuadra 9 mm, marca Luger, modelo 09, un cargador y ocho cartuchos \u00fatiles; al igual que Daniel R. D. de 31 a\u00f1os de edad, con una pistola tipo rev\u00f3lver, marca Smith &amp; Wesson, con cinco cartuchos.<\/p>\n<p><img decoding=\"async\" src=\"https:\/\/sspo.gob.mx\/wp-content\/uploads\/2017\/10\/07.jpg\" \/><\/p>\n<p>Al momento de la revisi\u00f3n de rutina, las personas antes mencionadas viajaban en una motocicleta marca Italika, tipo 125CC de trabajo, color azul con blanco, modelo 2017, con N\u00famero de Identificaci\u00f3n Vehicular 3SCPFTDEXH1009868, sin placa de circulaci\u00f3n; as\u00ed como en una camioneta marca Dodge, modelo 2016, tipo RAM, de tres toneladas, tipo ganadera, con n\u00famero de serie 3C7WRAKT7GG276620 y placas de circulaci\u00f3n XX33832.<\/p>\n<p>Finalmente, tanto las unidades de motor como los imputados, fueron puestos a disposici\u00f3n del Ministerio P\u00fablico de la Federaci\u00f3n de San Juan Bautista Tuxtepec.<\/p>\n","protected":false},"excerpt":{"rendered":"<p>** Intervenciones ocurridas durante los patrullajes de seguridad realizados en las \u00faltimas horas en la Mixteca y la Cuenca del<\/p>\n","protected":false},"author":2,"featured_media":28791,"comment_status":"closed","ping_status":"open","sticky":false,"template":"","format":"standard","meta":{"footnotes":""},"categories":[7],"tags":[],"_links":{"self":[{"href":"https:\/\/www.sspo.gob.mx\/index.php?rest_route=\/wp\/v2\/posts\/28786"}],"collection":[{"href":"https:\/\/www.sspo.gob.mx\/index.php?rest_route=\/wp\/v2\/posts"}],"about":[{"href":"https:\/\/www.sspo.gob.mx\/index.php?rest_route=\/wp\/v2\/types\/post"}],"author":[{"embeddable":true,"href":"https:\/\/www.sspo.gob.mx\/index.php?rest_route=\/wp\/v2\/users\/2"}],"replies":[{"embeddable":true,"href":"https:\/\/www.sspo.gob.mx\/index.php?rest_route=%2Fwp%2Fv2%2Fcomments&post=28786"}],"version-history":[{"count":1,"href":"https:\/\/www.sspo.gob.mx\/index.php?rest_route=\/wp\/v2\/posts\/28786\/revisions"}],"predecessor-version":[{"id":28796,"href":"https:\/\/www.sspo.gob.mx\/index.php?rest_route=\/wp\/v2\/posts\/28786\/revisions\/28796"}],"wp:featuredmedia":[{"embeddable":true,"href":"https:\/\/www.sspo.gob.mx\/index.php?rest_route=\/wp\/v2\/media\/28791"}],"wp:attachment":[{"href":"https:\/\/www.sspo.gob.mx\/index.php?rest_route=%2Fwp%2Fv2%2Fmedia&parent=28786"}],"wp:term":[{"taxonomy":"category","embeddable":true,"href":"https:\/\/www.sspo.gob.mx\/index.php?rest_route=%2Fwp%2Fv2%2Fcategories&post=28786"},{"taxonomy":"post_tag","embeddable":true,"href":"https:\/\/www.sspo.gob.mx\/index.php?rest_route=%2Fwp%2Fv2%2Ftags&post=28786"}],"curies":[{"name":"wp","href":"https:\/\/api.w.org\/{rel}","templated":true}]}}