{"id":28797,"date":"2017-10-11T13:56:41","date_gmt":"2017-10-11T19:56:41","guid":{"rendered":"https:\/\/sspo.gob.mx\/?p=28797"},"modified":"2017-10-11T13:56:41","modified_gmt":"2017-10-11T19:56:41","slug":"firma-sspo-convenio-de-colaboracion-para-capacitar-a-mujeres-privadas-de-su-libertad-en-industria-textil","status":"publish","type":"post","link":"https:\/\/www.sspo.gob.mx\/?p=28797","title":{"rendered":"FIRMA SSPO CONVENIO DE COLABORACI\u00d3N PARA CAPACITAR A MUJERES PRIVADAS DE SU LIBERTAD EN  INDUSTRIA TEXTIL"},"content":{"rendered":"<p>***Por primera vez en la historia del sistema penitenciario estatal se activa la Industria al interior de un CERESO<\/p>\n<p>La ma\u00f1ana de este mi\u00e9rcoles, la Subsecretar\u00eda de Prevenci\u00f3n y Reinserci\u00f3n Social de la Secretar\u00eda de Seguridad P\u00fablica de Oaxaca (SSPO), firm\u00f3 un convenio de colaboraci\u00f3n con la \u201cMaquiladora \u00c1lvarez\u201d, a fin de capacitar a las mujeres privadas de su libertad en el Centro de Reinserci\u00f3n Social Femenil Tanivet.<\/p>\n<p>Lo anterior con el objetivo de proporcionar una actividad productiva con fines de formaci\u00f3n pr\u00e1ctica, capacitaci\u00f3n para el trabajo, terap\u00e9utico y ocupacional, como elemento fundamental para la reinserci\u00f3n social, y as\u00ed lograr una mejor rehabilitaci\u00f3n, readaptaci\u00f3n y reincorporaci\u00f3n a la sociedad.<\/p>\n<p>Cabe mencionar que de manera inicial el proyecto contempla la participaci\u00f3n de 25 beneficiarias, mismo que se buscar\u00e1 ampliar de acuerdo con los requerimientos y necesidades de capacitaci\u00f3n de las interesadas.<\/p>\n<p>Es importante destacar que quienes forman parte de la preparaci\u00f3n reciben uniformes, y una beca por 650 pesos semanales, al tiempo que se les designa personal profesional para especializarlas en la industrial textil, lo cual tendr\u00e1 un valor curricular avalado por la Secretar\u00eda de Educaci\u00f3n P\u00fablica (SEP).<\/p>\n<p>En su oportunidad, una de las beneficiadas extern\u00f3 a nombre de sus compa\u00f1eras que el trabajo dignifica y con esta oportunidad \u201ctenemos un espacio digno para trabajar como mujeres, como madres y como personas que podemos ser solventes a\u00fan en la limitaci\u00f3n de espacio, y no solo para nosotras mismas, si no para nuestras familias\u201d.<\/p>\n<p><img decoding=\"async\" src=\"https:\/\/sspo.gob.mx\/wp-content\/uploads\/2017\/10\/1-2-2.jpg\" \/><\/p>\n<p>Asimismo agradeci\u00f3 al gobierno encabezado por el Maestro Alejandro Murat Hinojosa, y a las autoridades de la SSPO, pues a siete meses de haber tomado posesi\u00f3n, hoy se hace realidad el trabajo en la maquila con las participantes que se muestran dispuestas a cambiar la historia en el penal femenil. \u201cGracias por creer en nosotras y gracias por darnos esta oportunidad de un ingreso fijo\u201d, enfatiz\u00f3.<\/p>\n<p><img decoding=\"async\" src=\"https:\/\/sspo.gob.mx\/wp-content\/uploads\/2017\/10\/2-4.jpg\" \/><\/p>\n<p>Durante el acto protocolario en donde el Capit\u00e1n Jos\u00e9 Raymundo Tu\u00f1\u00f3n J\u00e1uregui, titular de la SSPO, cort\u00f3 el list\u00f3n inaugural, estuvieron presentes adem\u00e1s Mar\u00eda Concepci\u00f3n Tovar Monreal, Subsecretar\u00eda de Prevenci\u00f3n y Reinserci\u00f3n Social; Rosa Aurora Melgar, Oficial Mayor de la SSPO; Juan Jos\u00e9 Rodr\u00edguez Molina, Director General de Reinserci\u00f3n Social; Elsa G\u00f3mez Carre\u00f1o, Directora del Centro de Reinserci\u00f3n Social Femenil de Tanivet y Willebaldo \u00c1lvarez Cumplido, propietario de la \u201cMaquiladora \u00c1lvarez\u201d.<\/p>\n<p>Con estas acciones la dependencia encargada de la seguridad de los oaxaque\u00f1os, cumple con los compromisos adquiridos al inicio de la actual administraci\u00f3n para garantizar un trabajo digno, as\u00ed como la capacitaci\u00f3n para el mismo, con lo cual se refuerzan dos de los cinco ejes contemplados para una adecuada reinserci\u00f3n social.<\/p>\n<p><img decoding=\"async\" src=\"https:\/\/sspo.gob.mx\/wp-content\/uploads\/2017\/10\/5-1.jpg\" \/><\/p>\n","protected":false},"excerpt":{"rendered":"<p>***Por primera vez en la historia del sistema penitenciario estatal se activa la Industria al interior de un CERESO La<\/p>\n","protected":false},"author":2,"featured_media":28800,"comment_status":"closed","ping_status":"open","sticky":false,"template":"","format":"standard","meta":{"footnotes":""},"categories":[7],"tags":[],"_links":{"self":[{"href":"https:\/\/www.sspo.gob.mx\/index.php?rest_route=\/wp\/v2\/posts\/28797"}],"collection":[{"href":"https:\/\/www.sspo.gob.mx\/index.php?rest_route=\/wp\/v2\/posts"}],"about":[{"href":"https:\/\/www.sspo.gob.mx\/index.php?rest_route=\/wp\/v2\/types\/post"}],"author":[{"embeddable":true,"href":"https:\/\/www.sspo.gob.mx\/index.php?rest_route=\/wp\/v2\/users\/2"}],"replies":[{"embeddable":true,"href":"https:\/\/www.sspo.gob.mx\/index.php?rest_route=%2Fwp%2Fv2%2Fcomments&post=28797"}],"version-history":[{"count":1,"href":"https:\/\/www.sspo.gob.mx\/index.php?rest_route=\/wp\/v2\/posts\/28797\/revisions"}],"predecessor-version":[{"id":28803,"href":"https:\/\/www.sspo.gob.mx\/index.php?rest_route=\/wp\/v2\/posts\/28797\/revisions\/28803"}],"wp:featuredmedia":[{"embeddable":true,"href":"https:\/\/www.sspo.gob.mx\/index.php?rest_route=\/wp\/v2\/media\/28800"}],"wp:attachment":[{"href":"https:\/\/www.sspo.gob.mx\/index.php?rest_route=%2Fwp%2Fv2%2Fmedia&parent=28797"}],"wp:term":[{"taxonomy":"category","embeddable":true,"href":"https:\/\/www.sspo.gob.mx\/index.php?rest_route=%2Fwp%2Fv2%2Fcategories&post=28797"},{"taxonomy":"post_tag","embeddable":true,"href":"https:\/\/www.sspo.gob.mx\/index.php?rest_route=%2Fwp%2Fv2%2Ftags&post=28797"}],"curies":[{"name":"wp","href":"https:\/\/api.w.org\/{rel}","templated":true}]}}