{"id":29044,"date":"2017-10-28T15:25:42","date_gmt":"2017-10-28T21:25:42","guid":{"rendered":"https:\/\/sspo.gob.mx\/?p=29044"},"modified":"2017-10-28T15:25:42","modified_gmt":"2017-10-28T21:25:42","slug":"clausura-sspo-la-segunda-generacion-de-formacion-inicial-para-policia-preventivo-municipal","status":"publish","type":"post","link":"https:\/\/www.sspo.gob.mx\/?p=29044","title":{"rendered":"CLAUSURA SSPO LA SEGUNDA GENERACI\u00d3N DE FORMACI\u00d3N INICIAL PARA POLIC\u00cdA PREVENTIVO MUNICIPAL"},"content":{"rendered":"<p style=\"text-align: justify; background: white; vertical-align: baseline; margin: 0cm 0cm 12.0pt 0cm;\"><span style=\"font-size: 11.0pt; font-family: 'univia pro','serif';\">San Sebasti\u00e1n, San Pablo Etla, Oax.- La Secretar\u00eda de Seguridad P\u00fablica de Oaxaca (SSPO), a trav\u00e9s de Instituto de Profesionalizaci\u00f3n Policial, clausur\u00f3 este s\u00e1bado el curso de Formaci\u00f3n Inicial para Polic\u00eda Preventivo Municipal, en su Segunda Generaci\u00f3n, con un total de 77 integrantes provenientes de siete distintas localidades pertenecientes a las regiones de la Costa, Istmo de Tehuantepec y de los Valles Centrales.<\/span><\/p>\n<p style=\"text-align: justify; background: white; vertical-align: baseline; margin: 0cm 0cm 12.0pt 0cm;\"><span style=\"font-size: 11.0pt; font-family: 'univia pro','serif';\">Durante la ceremonia encabezada por el Subsecretario de Informaci\u00f3n y Desarrollo Institucional (SIDI), Edgar Manuel Gonz\u00e1lez Contreras, dio a conocer que los efectivos de seguridad municipal recibieron conocimientos t\u00e1cticos y jur\u00eddicos en materia de Derechos Humanos, Proximidad y vinculaci\u00f3n social, as\u00ed como Valores y Desarrollo humano, por m\u00e1s de 500 horas en un periodo de tres meses.<\/span><\/p>\n<p>&nbsp;<\/p>\n<p><img decoding=\"async\" src=\"https:\/\/sspo.gob.mx\/wp-content\/uploads\/2017\/10\/WhatsApp-Image-2017-10-28-at-16.50.35.jpeg\" \/><\/p>\n<p style=\"text-align: justify; background: white; vertical-align: baseline; margin: 0cm 0cm 12.0pt 0cm;\"><span style=\"font-size: 11.0pt; font-family: 'univia pro','serif';\">As\u00ed tambi\u00e9n refiri\u00f3 que los municipios beneficiados son la Villa de Zaachila, Mat\u00edas Romero Avenda\u00f1o, Tlacolula de Matamoros, Santiago Pinotepa Nacional, Santa Mar\u00eda Colotepec, Santa Luc\u00eda del Camino y San Jacinto Amilpas.<\/span><\/p>\n<p><img decoding=\"async\" src=\"https:\/\/sspo.gob.mx\/wp-content\/uploads\/2017\/10\/WhatsApp-Image-2017-10-28-at-16.50.34.jpeg\" \/><\/p>\n<p style=\"text-align: justify; background: white; vertical-align: baseline;\"><span style=\"font-size: 11.0pt; font-family: 'univia pro','serif';\">El funcionario destac\u00f3 el inter\u00e9s del Gobierno Estatal que mediante la SSPO, al mando del Capit\u00e1n Jos\u00e9 Raymundo Tu\u00f1\u00f3n J\u00e1uregui, persigue el objetivo de formar polic\u00edas preventivos con habilidades cognoscitivas y psicomotrices, orientadas al cumplimiento de los principios de Legalidad, Objetividad, Eficiencia, Honradez y respeto a los Derechos Humanos.<\/span><\/p>\n<p style=\"text-align: justify; background: white; vertical-align: baseline;\"><span style=\"font-size: 11.0pt; font-family: 'univia pro','serif';\">Lo anterior a fin de generar las condiciones de coordinaci\u00f3n entre el Estado y los Municipios, para garantizar la seguridad a las familias oaxaque\u00f1as.<\/span><\/p>\n<p><img decoding=\"async\" src=\"https:\/\/sspo.gob.mx\/wp-content\/uploads\/2017\/10\/WhatsApp-Image-2017-10-28-at-16.50.34-3.jpeg\" \/><\/p>\n<p style=\"text-align: justify; background: white; vertical-align: baseline; margin: 0cm 0cm 12.0pt 0cm;\"><span style=\"font-size: 11.0pt; font-family: 'univia pro','serif';\">Por otra parte, evento se cont\u00f3 tambi\u00e9n con la presencia de la Directora General del Instituto de Profesionalizaci\u00f3n, Luz Elva Rodr\u00edguez Chaparro y de la Directora General del Sistema de Desarrollo Policial (SIDEPOL), C\u00e9lica Mart\u00ednez Santamar\u00eda; as\u00ed como de autoridades de los municipios cuyas polic\u00edas fueron parte de esta Segunda Generaci\u00f3n.<\/span><\/p>\n","protected":false},"excerpt":{"rendered":"<p>San Sebasti\u00e1n, San Pablo Etla, Oax.- La Secretar\u00eda de Seguridad P\u00fablica de Oaxaca (SSPO), a trav\u00e9s de Instituto de Profesionalizaci\u00f3n<\/p>\n","protected":false},"author":2,"featured_media":29047,"comment_status":"closed","ping_status":"open","sticky":false,"template":"","format":"standard","meta":{"footnotes":""},"categories":[7],"tags":[],"_links":{"self":[{"href":"https:\/\/www.sspo.gob.mx\/index.php?rest_route=\/wp\/v2\/posts\/29044"}],"collection":[{"href":"https:\/\/www.sspo.gob.mx\/index.php?rest_route=\/wp\/v2\/posts"}],"about":[{"href":"https:\/\/www.sspo.gob.mx\/index.php?rest_route=\/wp\/v2\/types\/post"}],"author":[{"embeddable":true,"href":"https:\/\/www.sspo.gob.mx\/index.php?rest_route=\/wp\/v2\/users\/2"}],"replies":[{"embeddable":true,"href":"https:\/\/www.sspo.gob.mx\/index.php?rest_route=%2Fwp%2Fv2%2Fcomments&post=29044"}],"version-history":[{"count":1,"href":"https:\/\/www.sspo.gob.mx\/index.php?rest_route=\/wp\/v2\/posts\/29044\/revisions"}],"predecessor-version":[{"id":29051,"href":"https:\/\/www.sspo.gob.mx\/index.php?rest_route=\/wp\/v2\/posts\/29044\/revisions\/29051"}],"wp:featuredmedia":[{"embeddable":true,"href":"https:\/\/www.sspo.gob.mx\/index.php?rest_route=\/wp\/v2\/media\/29047"}],"wp:attachment":[{"href":"https:\/\/www.sspo.gob.mx\/index.php?rest_route=%2Fwp%2Fv2%2Fmedia&parent=29044"}],"wp:term":[{"taxonomy":"category","embeddable":true,"href":"https:\/\/www.sspo.gob.mx\/index.php?rest_route=%2Fwp%2Fv2%2Fcategories&post=29044"},{"taxonomy":"post_tag","embeddable":true,"href":"https:\/\/www.sspo.gob.mx\/index.php?rest_route=%2Fwp%2Fv2%2Ftags&post=29044"}],"curies":[{"name":"wp","href":"https:\/\/api.w.org\/{rel}","templated":true}]}}