{"id":29136,"date":"2017-11-03T09:37:31","date_gmt":"2017-11-03T15:37:31","guid":{"rendered":"https:\/\/sspo.gob.mx\/?p=29136"},"modified":"2017-11-03T09:37:31","modified_gmt":"2017-11-03T15:37:31","slug":"detiene-policia-estatal-a-conductor-que-atropello-y-dio-muerte-a-varon-en-autopista-tehuantepec-ixtepec","status":"publish","type":"post","link":"https:\/\/www.sspo.gob.mx\/?p=29136","title":{"rendered":"DETIENE POLIC\u00cdA ESTATAL A CONDUCTOR QUE ATROPELL\u00d3 Y DIO MUERTE A VAR\u00d3N EN  AUTOPISTA TEHUANTEPEC-IXTEPEC"},"content":{"rendered":"<p>La Comandancia Regional del Istmo dio a conocer que siendo las 13:00 horas del jueves,\u00a0 recibieron un reporte por el servicio de Emergencias 9-1-1, en donde les informaron que\u00a0 acababan de atropellar a una persona del sexo masculino en la autopista tramo Tehuantepec-Ixtepec, motivo por el cual inici\u00f3 un operativo de b\u00fasqueda del responsable, mismo que fue detenido por elementos de la Polic\u00eda Estatal.<\/p>\n<p>Seg\u00fan los datos obtenidos por personal de la Secretar\u00eda de Seguridad P\u00fablica de Oaxaca (SSPO), se trataba de un veh\u00edculo compacto, color blanco, el cual se dirig\u00eda con destino a Ciudad Ixtepec.<\/p>\n<p>Fue as\u00ed como se procedi\u00f3 a implementar un operativo de b\u00fasqueda sobre la carretera local Ixtepec-Santo Domingo Chuihuit\u00e1n, en donde las fuerzas estatales tuvieron a la vista un veh\u00edculo Mazda, tipo Sedan, color blanco, con placas de circulaci\u00f3n MRD5638 del D.F., al cual procedieron a hacerle el alto total.<\/p>\n<p>El conductor dijo llamarse Ra\u00fal C. M., mismo que momentos m\u00e1s tarde fue identificado por el encargado de la empresa de servicio Majorca del Sureste, como el mismo que atropell\u00f3 a su trabajador y quien debido a los golpes recibidos, perdi\u00f3 la vida.<\/p>\n<p>Por tal antecedente el mencionado fue asegurado junto con la unidad de motor para ser puestos a disposici\u00f3n de la Fiscal\u00eda local de Santo Domingo Tehuantepec, autoridad que determinar\u00e1 lo procedente al caso.<\/p>\n","protected":false},"excerpt":{"rendered":"<p>La Comandancia Regional del Istmo dio a conocer que siendo las 13:00 horas del jueves,\u00a0 recibieron un reporte por el<\/p>\n","protected":false},"author":2,"featured_media":29137,"comment_status":"closed","ping_status":"open","sticky":false,"template":"","format":"standard","meta":{"footnotes":""},"categories":[7],"tags":[],"_links":{"self":[{"href":"https:\/\/www.sspo.gob.mx\/index.php?rest_route=\/wp\/v2\/posts\/29136"}],"collection":[{"href":"https:\/\/www.sspo.gob.mx\/index.php?rest_route=\/wp\/v2\/posts"}],"about":[{"href":"https:\/\/www.sspo.gob.mx\/index.php?rest_route=\/wp\/v2\/types\/post"}],"author":[{"embeddable":true,"href":"https:\/\/www.sspo.gob.mx\/index.php?rest_route=\/wp\/v2\/users\/2"}],"replies":[{"embeddable":true,"href":"https:\/\/www.sspo.gob.mx\/index.php?rest_route=%2Fwp%2Fv2%2Fcomments&post=29136"}],"version-history":[{"count":1,"href":"https:\/\/www.sspo.gob.mx\/index.php?rest_route=\/wp\/v2\/posts\/29136\/revisions"}],"predecessor-version":[{"id":29138,"href":"https:\/\/www.sspo.gob.mx\/index.php?rest_route=\/wp\/v2\/posts\/29136\/revisions\/29138"}],"wp:featuredmedia":[{"embeddable":true,"href":"https:\/\/www.sspo.gob.mx\/index.php?rest_route=\/wp\/v2\/media\/29137"}],"wp:attachment":[{"href":"https:\/\/www.sspo.gob.mx\/index.php?rest_route=%2Fwp%2Fv2%2Fmedia&parent=29136"}],"wp:term":[{"taxonomy":"category","embeddable":true,"href":"https:\/\/www.sspo.gob.mx\/index.php?rest_route=%2Fwp%2Fv2%2Fcategories&post=29136"},{"taxonomy":"post_tag","embeddable":true,"href":"https:\/\/www.sspo.gob.mx\/index.php?rest_route=%2Fwp%2Fv2%2Ftags&post=29136"}],"curies":[{"name":"wp","href":"https:\/\/api.w.org\/{rel}","templated":true}]}}