{"id":31178,"date":"2018-02-28T15:03:18","date_gmt":"2018-02-28T21:03:18","guid":{"rendered":"https:\/\/sspo.gob.mx\/?p=31178"},"modified":"2018-02-28T15:03:18","modified_gmt":"2018-02-28T21:03:18","slug":"se-reunen-autoridades-de-seguridad-publica-con-coparmex","status":"publish","type":"post","link":"https:\/\/www.sspo.gob.mx\/?p=31178","title":{"rendered":"SE RE\u00daNEN AUTORIDADES DE SEGURIDAD P\u00daBLICA CON COPARMEX"},"content":{"rendered":"<p>El titular de la Secretar\u00eda de Seguridad P\u00fablica de Oaxaca (SSPO), Capit\u00e1n Jos\u00e9 Raymundo Tu\u00f1\u00f3n J\u00e1uregui, convoc\u00f3 esta ma\u00f1ana a autoridades del ramo para dar seguimiento al esquema de trabajo con el sector empresarial, encuentro del que derivaron nuevos acuerdos de colaboraci\u00f3n para fortalecer la protecci\u00f3n de este sector productivo y de la ciudadan\u00eda en general.<\/p>\n<p>En el encuentro, la Confederaci\u00f3n Patronal de la Rep\u00fablica Mexicana (COPARMEX) en voz de presidente, Ra\u00fal Ruiz expuso las necesidades puntuales del sector empresarial ante las que todos acordaron la construcci\u00f3n de un conjunto de indicadores que permitir\u00e1n evaluar el desempe\u00f1o, pol\u00edticas y \u00a0la mejor\u00eda en materia de seguridad, competencia de las diferentes dependencias estatales, federales y municipales presentes.<\/p>\n<p><img decoding=\"async\" src=\"https:\/\/sspo.gob.mx\/wp-content\/uploads\/2018\/02\/WhatsApp-Image-2018-02-28-at-1.37.36-PM-1-1024x683.jpeg\" \/><\/p>\n<p>As\u00ed fue determinado con el respaldo de representantes del Poder Legislativo a trav\u00e9s del Presidente de la Comisi\u00f3n de Protecci\u00f3n Ciudadana, Diputado Manuel Le\u00f3n S\u00e1nchez,\u00a0 as\u00ed como de la Secretar\u00eda General de Gobierno (SEGEGO), la Secretaria de la Defensa Nacional (SEDENA), la Procuradur\u00eda General de la Rep\u00fablica (PGR), la Polic\u00eda Federal y las Polic\u00edas Municipales de Santa Luc\u00eda del Camino y de Santa Cruz Xoxocotl\u00e1n, al igual que de la Comisi\u00f3n de Seguridad P\u00fablica Municipal de Oaxaca de Ju\u00e1rez, quienes debatieron en un marco de apertura completa y de respeto a las diferentes necesidades y competencias.<\/p>\n<p>Entre otros acuerdos, se destac\u00f3 la realizaci\u00f3n de un trabajo legislativo conjunto en los \u00e1mbitos federal y estatal, para mejora la priorizaci\u00f3n de programas y presupuestos; asi como lograr avances en el tema de la certificaci\u00f3n y profesionalizaci\u00f3n policial de las corporaciones municipales de la entidad.<\/p>\n<p>Ah\u00ed mismo fueron presentadas las tecnolog\u00edas desarrolladas por la Subsecretar\u00eda de Informaci\u00f3n y Desarrollo Institucional (SIDI) mediante el Centro de Control, Comando y Comunicaci\u00f3n (C4) Oaxaca, para eficientar los tiempos de respuesta y atenci\u00f3n a las los auxilios ciudadanos.<\/p>\n<p>As\u00ed tambi\u00e9n, se estableci\u00f3 que las futuras mesas de trabajo ser\u00e1 incluida la Secretar\u00eda de Econom\u00eda, con el fin de que estas acciones redunden en el impulso del desarrollo productivo del estado.<\/p>\n<p>Todo ello, como parte de un ejercicio democr\u00e1tico de rendici\u00f3n de cuentas y total apertura a las voces ciudadanas demandantes de mayor y mejor seguridad p\u00fablica.<\/p>\n<p><img decoding=\"async\" src=\"https:\/\/sspo.gob.mx\/wp-content\/uploads\/2018\/02\/WhatsApp-Image-2018-02-28-at-1.37.36-PM-1024x683.jpeg\" \/><\/p>\n<p><img decoding=\"async\" src=\"https:\/\/sspo.gob.mx\/wp-content\/uploads\/2018\/02\/WhatsApp-Image-2018-02-28-at-1.37.37-PM-1-1024x683.jpeg\" \/><\/p>\n<p><img decoding=\"async\" src=\"https:\/\/sspo.gob.mx\/wp-content\/uploads\/2018\/02\/WhatsApp-Image-2018-02-28-at-1.37.37-PM-2-1024x683.jpeg\" \/><\/p>\n<p><img decoding=\"async\" src=\"https:\/\/sspo.gob.mx\/wp-content\/uploads\/2018\/02\/WhatsApp-Image-2018-02-28-at-1.37.37-PM-3-1024x683.jpeg\" \/><\/p>\n<p><img decoding=\"async\" src=\"https:\/\/sspo.gob.mx\/wp-content\/uploads\/2018\/02\/WhatsApp-Image-2018-02-28-at-1.37.37-PM-4-1024x683.jpeg\" \/><\/p>\n<p><img decoding=\"async\" src=\"https:\/\/sspo.gob.mx\/wp-content\/uploads\/2018\/02\/WhatsApp-Image-2018-02-28-at-1.37.37-PM-1024x683.jpeg\" \/><\/p>\n<p>Oaxaca de Ju\u00e1rez, Oaxaca; febrero 28 de 2018.<\/p>\n<p>&nbsp;<\/p>\n","protected":false},"excerpt":{"rendered":"<p>El titular de la Secretar\u00eda de Seguridad P\u00fablica de Oaxaca (SSPO), Capit\u00e1n Jos\u00e9 Raymundo Tu\u00f1\u00f3n J\u00e1uregui, convoc\u00f3 esta ma\u00f1ana a<\/p>\n","protected":false},"author":2,"featured_media":31173,"comment_status":"closed","ping_status":"open","sticky":false,"template":"","format":"standard","meta":{"footnotes":""},"categories":[7],"tags":[],"_links":{"self":[{"href":"https:\/\/www.sspo.gob.mx\/index.php?rest_route=\/wp\/v2\/posts\/31178"}],"collection":[{"href":"https:\/\/www.sspo.gob.mx\/index.php?rest_route=\/wp\/v2\/posts"}],"about":[{"href":"https:\/\/www.sspo.gob.mx\/index.php?rest_route=\/wp\/v2\/types\/post"}],"author":[{"embeddable":true,"href":"https:\/\/www.sspo.gob.mx\/index.php?rest_route=\/wp\/v2\/users\/2"}],"replies":[{"embeddable":true,"href":"https:\/\/www.sspo.gob.mx\/index.php?rest_route=%2Fwp%2Fv2%2Fcomments&post=31178"}],"version-history":[{"count":1,"href":"https:\/\/www.sspo.gob.mx\/index.php?rest_route=\/wp\/v2\/posts\/31178\/revisions"}],"predecessor-version":[{"id":31179,"href":"https:\/\/www.sspo.gob.mx\/index.php?rest_route=\/wp\/v2\/posts\/31178\/revisions\/31179"}],"wp:featuredmedia":[{"embeddable":true,"href":"https:\/\/www.sspo.gob.mx\/index.php?rest_route=\/wp\/v2\/media\/31173"}],"wp:attachment":[{"href":"https:\/\/www.sspo.gob.mx\/index.php?rest_route=%2Fwp%2Fv2%2Fmedia&parent=31178"}],"wp:term":[{"taxonomy":"category","embeddable":true,"href":"https:\/\/www.sspo.gob.mx\/index.php?rest_route=%2Fwp%2Fv2%2Fcategories&post=31178"},{"taxonomy":"post_tag","embeddable":true,"href":"https:\/\/www.sspo.gob.mx\/index.php?rest_route=%2Fwp%2Fv2%2Ftags&post=31178"}],"curies":[{"name":"wp","href":"https:\/\/api.w.org\/{rel}","templated":true}]}}