{"id":31180,"date":"2018-02-28T19:07:34","date_gmt":"2018-03-01T01:07:34","guid":{"rendered":"https:\/\/sspo.gob.mx\/?p=31180"},"modified":"2018-02-28T19:07:34","modified_gmt":"2018-03-01T01:07:34","slug":"inaugura-sspo-feria-de-la-salud-en-el-centro-penitenciario-femenil-de-tanivet-tlacolula","status":"publish","type":"post","link":"https:\/\/www.sspo.gob.mx\/?p=31180","title":{"rendered":"INAUGURA SSPO FERIA DE LA SALUD EN EL CENTRO PENITENCIARIO FEMENIL DE TANIVET TLACOLULA"},"content":{"rendered":"<p style=\"font-weight: 400;\">La Secretar\u00eda de Seguridad P\u00fablica de Oaxaca (SSPO), inaugur\u00f3 este mi\u00e9rcoles 28 de febrero, la Feria de la Salud &#8220;Atenci\u00f3n M\u00e9dica Integral para la Mujer&#8221;, en el Centro Penitenciario Femenil de Tanivet Tlacolula, a trav\u00e9s de la Subsecretar\u00eda de Prevenci\u00f3n y Reinserci\u00f3n Social.<\/p>\n<p style=\"font-weight: 400;\"><img decoding=\"async\" src=\"https:\/\/sspo.gob.mx\/wp-content\/uploads\/2018\/02\/4-12.jpg\" \/><\/p>\n<p style=\"font-weight: 400;\">Lo anterior, al cumplimiento de acuerdos emanados de la primera reuni\u00f3n de m\u00e9dicos que conforman el sistema penitenciario del Estado; la cual se encontrar\u00e1\u00a0instalada desde este mi\u00e9rcoles al martes 5 de marzo, brindando consultas diferentes en cada d\u00eda; el d\u00eda jueves se llevar\u00e1 a cabo la medici\u00f3n de la presi\u00f3n, peso y glucosa; viernes, lunes y martes, se impartir\u00e1n platicas de nutrici\u00f3n, odontolog\u00eda y enfermer\u00eda.<\/p>\n<p style=\"font-weight: 400;\"><img decoding=\"async\" src=\"https:\/\/sspo.gob.mx\/wp-content\/uploads\/2018\/02\/1-12.jpg\" \/><\/p>\n<p style=\"font-weight: 400;\">Dicha feria fue encabezada por la Lic. Mar\u00eda Concepci\u00f3n Tovar Monreal, Subsecretar\u00eda de Prevenci\u00f3n y Reinserci\u00f3n Social, Lic. Silvestre Manuel Mu\u00f1oz Hern\u00e1ndez Director General de Reinserci\u00f3n Social, y personal profesional preparado, distribuidos en mesas de trabajo de nutrici\u00f3n, ginecolog\u00eda, odontolog\u00eda trabajo social, m\u00f3dulo integral para adicciones y personal del \u00e1rea jur\u00eddica.<\/p>\n<p style=\"font-weight: 400;\"><img decoding=\"async\" src=\"https:\/\/sspo.gob.mx\/wp-content\/uploads\/2018\/02\/5-6.jpg\" \/><\/p>\n<p style=\"font-weight: 400;\">Es preciso informar que, con\u00a0\u00a0la implementaci\u00f3n de estas acciones, la SSPO, busca mecanismo que logre la salud integral de Personas Privadas de su Libertad (PPL), en cuanto a beneficios mentales, f\u00edsicos y nutricionales; as\u00ed como redoblar esfuerzos para garantizar la salud como Eje Rector de Reinserci\u00f3n Social, beneficiando a una poblaci\u00f3n de 162 mujeres privadas de su libertad.<\/p>\n","protected":false},"excerpt":{"rendered":"<p>La Secretar\u00eda de Seguridad P\u00fablica de Oaxaca (SSPO), inaugur\u00f3 este mi\u00e9rcoles 28 de febrero, la Feria de la Salud &#8220;Atenci\u00f3n<\/p>\n","protected":false},"author":2,"featured_media":31183,"comment_status":"closed","ping_status":"open","sticky":false,"template":"","format":"standard","meta":{"footnotes":""},"categories":[7],"tags":[],"_links":{"self":[{"href":"https:\/\/www.sspo.gob.mx\/index.php?rest_route=\/wp\/v2\/posts\/31180"}],"collection":[{"href":"https:\/\/www.sspo.gob.mx\/index.php?rest_route=\/wp\/v2\/posts"}],"about":[{"href":"https:\/\/www.sspo.gob.mx\/index.php?rest_route=\/wp\/v2\/types\/post"}],"author":[{"embeddable":true,"href":"https:\/\/www.sspo.gob.mx\/index.php?rest_route=\/wp\/v2\/users\/2"}],"replies":[{"embeddable":true,"href":"https:\/\/www.sspo.gob.mx\/index.php?rest_route=%2Fwp%2Fv2%2Fcomments&post=31180"}],"version-history":[{"count":1,"href":"https:\/\/www.sspo.gob.mx\/index.php?rest_route=\/wp\/v2\/posts\/31180\/revisions"}],"predecessor-version":[{"id":31186,"href":"https:\/\/www.sspo.gob.mx\/index.php?rest_route=\/wp\/v2\/posts\/31180\/revisions\/31186"}],"wp:featuredmedia":[{"embeddable":true,"href":"https:\/\/www.sspo.gob.mx\/index.php?rest_route=\/wp\/v2\/media\/31183"}],"wp:attachment":[{"href":"https:\/\/www.sspo.gob.mx\/index.php?rest_route=%2Fwp%2Fv2%2Fmedia&parent=31180"}],"wp:term":[{"taxonomy":"category","embeddable":true,"href":"https:\/\/www.sspo.gob.mx\/index.php?rest_route=%2Fwp%2Fv2%2Fcategories&post=31180"},{"taxonomy":"post_tag","embeddable":true,"href":"https:\/\/www.sspo.gob.mx\/index.php?rest_route=%2Fwp%2Fv2%2Ftags&post=31180"}],"curies":[{"name":"wp","href":"https:\/\/api.w.org\/{rel}","templated":true}]}}