{"id":31213,"date":"2018-03-01T17:55:12","date_gmt":"2018-03-01T23:55:12","guid":{"rendered":"https:\/\/sspo.gob.mx\/?p=31213"},"modified":"2018-03-01T17:55:12","modified_gmt":"2018-03-01T23:55:12","slug":"1-persona-consignada-en-la-cuenca-del-papaloapan-por-posesion-de-arma-de-fuego-sin-licencia-sspo","status":"publish","type":"post","link":"https:\/\/www.sspo.gob.mx\/?p=31213","title":{"rendered":"1 PERSONA CONSIGNADA EN LA CUENCA DEL PAPALOAPAN POR POSESI\u00d3N DE ARMA DE FUEGO SIN LICENCIA: SSPO"},"content":{"rendered":"<p style=\"font-weight: 400;\">Luego de que elementos de la Polic\u00eda Estatal, adscritos a la Secretar\u00eda de Seguridad P\u00fablica de Oaxaca (SSPO), efectuaran una revisi\u00f3n protocolaria de seguridad y vigilancia en la regi\u00f3n del Papaloapan; fue detenido quien se identific\u00f3 como Ad\u00e1n M. P., de 39 a\u00f1os de edad, tras localizarle un arma corta, marca Colt Caballito, calibre 38 s\u00faper, modelo MK IV\/Series\u00b470, con dos cargadores met\u00e1licos y 14 cartuchos \u00fatiles.<\/p>\n<p style=\"font-weight: 400;\"><img decoding=\"async\" src=\"https:\/\/sspo.gob.mx\/wp-content\/uploads\/2018\/03\/3-1.jpg\" \/><\/p>\n<p style=\"font-weight: 400;\">Esto despu\u00e9s de confirmar que el sujeto en cuesti\u00f3n no contaba con la licencia ni el permiso que expide la Secretar\u00eda de la Defensa Nacional (SEDENA) para la posesi\u00f3n, portaci\u00f3n y uso legal de armas de fuego.<\/p>\n<p style=\"font-weight: 400;\"><img decoding=\"async\" src=\"https:\/\/sspo.gob.mx\/wp-content\/uploads\/2018\/03\/4-1.jpg\" \/><\/p>\n<p style=\"font-weight: 400;\">Es preciso informar, que los hechos ocurrieron este jueves alrededor de 14:45 horas, sobre camino que conduce del Ejido Las Limas a Infonavit Las Limas.<\/p>\n<p style=\"font-weight: 400;\">\n<p style=\"font-weight: 400;\">Cuando el antes mencionado viajaba a bordo de una motocicleta, marca Italika, color gris Silver, modelo 2013, con n\u00famero de serie: LLCLPP208DE103893, y placas de circulaci\u00f3n estado de Oaxaca.<\/p>\n<p style=\"font-weight: 400;\"><img decoding=\"async\" src=\"https:\/\/sspo.gob.mx\/wp-content\/uploads\/2018\/03\/5-1.jpg\" \/><\/p>\n<p style=\"font-weight: 400;\">Finalmente, por presuntos delitos contra la Ley Federal de Armas de Fuego y Explosivos, Ad\u00e1n M., junto con el arma y el veh\u00edculo en cuesti\u00f3n, fue consignado ante las autoridades competentes, quienes se encargar\u00e1n de determinar su situaci\u00f3n jur\u00eddica.<\/p>\n","protected":false},"excerpt":{"rendered":"<p>Luego de que elementos de la Polic\u00eda Estatal, adscritos a la Secretar\u00eda de Seguridad P\u00fablica de Oaxaca (SSPO), efectuaran una<\/p>\n","protected":false},"author":2,"featured_media":31220,"comment_status":"closed","ping_status":"open","sticky":false,"template":"","format":"standard","meta":{"footnotes":""},"categories":[7],"tags":[],"_links":{"self":[{"href":"https:\/\/www.sspo.gob.mx\/index.php?rest_route=\/wp\/v2\/posts\/31213"}],"collection":[{"href":"https:\/\/www.sspo.gob.mx\/index.php?rest_route=\/wp\/v2\/posts"}],"about":[{"href":"https:\/\/www.sspo.gob.mx\/index.php?rest_route=\/wp\/v2\/types\/post"}],"author":[{"embeddable":true,"href":"https:\/\/www.sspo.gob.mx\/index.php?rest_route=\/wp\/v2\/users\/2"}],"replies":[{"embeddable":true,"href":"https:\/\/www.sspo.gob.mx\/index.php?rest_route=%2Fwp%2Fv2%2Fcomments&post=31213"}],"version-history":[{"count":1,"href":"https:\/\/www.sspo.gob.mx\/index.php?rest_route=\/wp\/v2\/posts\/31213\/revisions"}],"predecessor-version":[{"id":31222,"href":"https:\/\/www.sspo.gob.mx\/index.php?rest_route=\/wp\/v2\/posts\/31213\/revisions\/31222"}],"wp:featuredmedia":[{"embeddable":true,"href":"https:\/\/www.sspo.gob.mx\/index.php?rest_route=\/wp\/v2\/media\/31220"}],"wp:attachment":[{"href":"https:\/\/www.sspo.gob.mx\/index.php?rest_route=%2Fwp%2Fv2%2Fmedia&parent=31213"}],"wp:term":[{"taxonomy":"category","embeddable":true,"href":"https:\/\/www.sspo.gob.mx\/index.php?rest_route=%2Fwp%2Fv2%2Fcategories&post=31213"},{"taxonomy":"post_tag","embeddable":true,"href":"https:\/\/www.sspo.gob.mx\/index.php?rest_route=%2Fwp%2Fv2%2Ftags&post=31213"}],"curies":[{"name":"wp","href":"https:\/\/api.w.org\/{rel}","templated":true}]}}