{"id":31911,"date":"2018-04-03T16:58:53","date_gmt":"2018-04-03T22:58:53","guid":{"rendered":"https:\/\/sspo.gob.mx\/?p=31911"},"modified":"2018-04-03T17:02:31","modified_gmt":"2018-04-03T23:02:31","slug":"recupera-policia-estatal-en-coordinacion-la-sedena-camioneta-con-reporte-de-robo-en-san-juan-guichicovi-sspo","status":"publish","type":"post","link":"https:\/\/www.sspo.gob.mx\/?p=31911","title":{"rendered":"RECUPERA POLIC\u00cdA ESTATAL EN COORDINACI\u00d3N CON LA SEDENA, CAMIONETA CON REPORTE DE ROBO EN SAN JUAN GUICHICOVI: SSPO"},"content":{"rendered":"<p style=\"font-weight: 400;\">La Secretar\u00eda de Seguridad P\u00fablica de Oaxaca (SSPO), confirm\u00f3 este martes, que en coordinaci\u00f3n con la Secretar\u00eda de la Defensa Nacional (SEDENA), se logr\u00f3 el aseguramiento de una camioneta RAM de color blanco de redila de color negro, placas de circulaci\u00f3n XX-51-781 del estado de Veracruz, y n\u00famero de serie 3C7WRAKT6HG545045.<\/p>\n<p style=\"font-weight: 400;\">Fue as\u00ed que, al proceder a verificar el n\u00famero de serie en el Sistema de Plataforma M\u00e9xico, arrojo que el veh\u00edculo contaba con reporte de robo; as\u00ed mismo se inform\u00f3, que\u00a0\u00a0la unidad de motor transportaba ocho contenedores de pl\u00e1stico,\u00a0\u00a0de aproximadamente mil litros de capacidad cada uno.<\/p>\n<p><img decoding=\"async\" src=\"https:\/\/sspo.gob.mx\/wp-content\/uploads\/2018\/04\/3-1.jpg\" \/><\/p>\n<p style=\"font-weight: 400;\">De acuerdo\u00a0\u00a0al informe policial, la localizaci\u00f3n se suscit\u00f3 durante la realizaci\u00f3n de recorridos de seguridad y vigilancia; alrededor de las 14:20 horas, en el interior de la comunidad el Triunfo, perteneciente al municipio San Juan Guichicovi.<\/p>\n<p style=\"font-weight: 400;\">Por lo anterior, el veh\u00edculo en cuesti\u00f3n, fue puesto a disposici\u00f3n de la Fiscal\u00eda del Fuero Com\u00fan, a fin de realizar la investigaci\u00f3n correspondiente al caso.<\/p>\n<p><img decoding=\"async\" src=\"https:\/\/sspo.gob.mx\/wp-content\/uploads\/2018\/04\/2-2-1-1024x576.jpg\" \/><\/p>\n<p><img decoding=\"async\" src=\"https:\/\/sspo.gob.mx\/wp-content\/uploads\/2018\/04\/4-1-1024x576.jpg\" \/><\/p>\n","protected":false},"excerpt":{"rendered":"<p>La Secretar\u00eda de Seguridad P\u00fablica de Oaxaca (SSPO), confirm\u00f3 este martes, que en coordinaci\u00f3n con la Secretar\u00eda de la Defensa<\/p>\n","protected":false},"author":2,"featured_media":31916,"comment_status":"closed","ping_status":"open","sticky":false,"template":"","format":"standard","meta":{"footnotes":""},"categories":[7],"tags":[],"_links":{"self":[{"href":"https:\/\/www.sspo.gob.mx\/index.php?rest_route=\/wp\/v2\/posts\/31911"}],"collection":[{"href":"https:\/\/www.sspo.gob.mx\/index.php?rest_route=\/wp\/v2\/posts"}],"about":[{"href":"https:\/\/www.sspo.gob.mx\/index.php?rest_route=\/wp\/v2\/types\/post"}],"author":[{"embeddable":true,"href":"https:\/\/www.sspo.gob.mx\/index.php?rest_route=\/wp\/v2\/users\/2"}],"replies":[{"embeddable":true,"href":"https:\/\/www.sspo.gob.mx\/index.php?rest_route=%2Fwp%2Fv2%2Fcomments&post=31911"}],"version-history":[{"count":3,"href":"https:\/\/www.sspo.gob.mx\/index.php?rest_route=\/wp\/v2\/posts\/31911\/revisions"}],"predecessor-version":[{"id":31920,"href":"https:\/\/www.sspo.gob.mx\/index.php?rest_route=\/wp\/v2\/posts\/31911\/revisions\/31920"}],"wp:featuredmedia":[{"embeddable":true,"href":"https:\/\/www.sspo.gob.mx\/index.php?rest_route=\/wp\/v2\/media\/31916"}],"wp:attachment":[{"href":"https:\/\/www.sspo.gob.mx\/index.php?rest_route=%2Fwp%2Fv2%2Fmedia&parent=31911"}],"wp:term":[{"taxonomy":"category","embeddable":true,"href":"https:\/\/www.sspo.gob.mx\/index.php?rest_route=%2Fwp%2Fv2%2Fcategories&post=31911"},{"taxonomy":"post_tag","embeddable":true,"href":"https:\/\/www.sspo.gob.mx\/index.php?rest_route=%2Fwp%2Fv2%2Ftags&post=31911"}],"curies":[{"name":"wp","href":"https:\/\/api.w.org\/{rel}","templated":true}]}}