{"id":33155,"date":"2018-06-09T11:12:14","date_gmt":"2018-06-09T17:12:14","guid":{"rendered":"https:\/\/sspo.gob.mx\/?p=33155"},"modified":"2018-06-09T11:12:14","modified_gmt":"2018-06-09T17:12:14","slug":"confirma-policia-estatal-la-detencion-de-una-persona-armada-y-la-recuperacion-de-un-vehiculo-robado","status":"publish","type":"post","link":"https:\/\/www.sspo.gob.mx\/?p=33155","title":{"rendered":"CONFIRMA POLIC\u00cdA ESTATAL LA DETENCI\u00d3N DE UNA PERSONA ARMADA Y LA RECUPERACI\u00d3N DE UN VEH\u00cdCULO ROBADO"},"content":{"rendered":"<p class=\"gmail-MsoNoSpacing\">** Los hechos, en la regi\u00f3n Mixteca.<\/p>\n<p class=\"gmail-MsoNoSpacing\">Como resultado de los patrullajes disuasivos realizados durante las \u00faltimas horas, efectivos de la Polic\u00eda Estatal confirmaron la detenci\u00f3n de una persona armada en inmediaciones de Santo Domingo Nuxa\u00e1, lo mismo que la recuperaci\u00f3n de un veh\u00edculo robado, en Santa In\u00e9s Zaragoza; ambas localidades, pertenecientes al distrito de Nochixtl\u00e1n, en la regi\u00f3n Mixteca.<\/p>\n<p class=\"gmail-MsoNoSpacing\">En un primer momento, el pasado viernes en la agencia Ojo de Agua, jurisdicci\u00f3n de Santo Domingo Nuxa\u00e1, los polic\u00edas estatales realizaron la detenci\u00f3n de quien se identific\u00f3 como\u00a0<b>Gruyo M. L.,<\/b>\u00a0de 35 a\u00f1os de edad.<\/p>\n<p><img decoding=\"async\" src=\"https:\/\/sspo.gob.mx\/wp-content\/uploads\/2018\/06\/01-1-1.jpg\" \/><\/p>\n<p class=\"gmail-MsoNoSpacing\">Lo anterior, derivado de que la persona antes nombrada portaba un arma de fuego tipo pistola, calibre 7.65 mm, con un cargador met\u00e1lico y siete cartuchos \u00fatiles, para lo que no present\u00f3 la licencia correspondiente, siendo puesto a disposici\u00f3n de la Procuradur\u00eda General de la Rep\u00fablica (PGR).<\/p>\n<p class=\"gmail-MsoNoSpacing\">Posteriormente, en Santa In\u00e9s Zaragoza, en una casa abandonada que se ubica sobre el r\u00edo, fue localizado un veh\u00edculo color verde marca jetta, sin placas de circulaci\u00f3n, mismo que hab\u00eda sido reportado como robado.<\/p>\n<p class=\"gmail-MsoNoSpacing\">Lo anterior fue hecho del conocimiento de la Fiscal\u00eda de Nochixtl\u00e1n, para los efectos legales que correspondan.<\/p>\n<p><img decoding=\"async\" src=\"https:\/\/sspo.gob.mx\/wp-content\/uploads\/2018\/06\/02-1-1.jpg\" \/><\/p>\n","protected":false},"excerpt":{"rendered":"<p>** Los hechos, en la regi\u00f3n Mixteca. Como resultado de los patrullajes disuasivos realizados durante las \u00faltimas horas, efectivos de<\/p>\n","protected":false},"author":2,"featured_media":33156,"comment_status":"closed","ping_status":"open","sticky":false,"template":"","format":"standard","meta":{"footnotes":""},"categories":[7],"tags":[],"_links":{"self":[{"href":"https:\/\/www.sspo.gob.mx\/index.php?rest_route=\/wp\/v2\/posts\/33155"}],"collection":[{"href":"https:\/\/www.sspo.gob.mx\/index.php?rest_route=\/wp\/v2\/posts"}],"about":[{"href":"https:\/\/www.sspo.gob.mx\/index.php?rest_route=\/wp\/v2\/types\/post"}],"author":[{"embeddable":true,"href":"https:\/\/www.sspo.gob.mx\/index.php?rest_route=\/wp\/v2\/users\/2"}],"replies":[{"embeddable":true,"href":"https:\/\/www.sspo.gob.mx\/index.php?rest_route=%2Fwp%2Fv2%2Fcomments&post=33155"}],"version-history":[{"count":1,"href":"https:\/\/www.sspo.gob.mx\/index.php?rest_route=\/wp\/v2\/posts\/33155\/revisions"}],"predecessor-version":[{"id":33160,"href":"https:\/\/www.sspo.gob.mx\/index.php?rest_route=\/wp\/v2\/posts\/33155\/revisions\/33160"}],"wp:featuredmedia":[{"embeddable":true,"href":"https:\/\/www.sspo.gob.mx\/index.php?rest_route=\/wp\/v2\/media\/33156"}],"wp:attachment":[{"href":"https:\/\/www.sspo.gob.mx\/index.php?rest_route=%2Fwp%2Fv2%2Fmedia&parent=33155"}],"wp:term":[{"taxonomy":"category","embeddable":true,"href":"https:\/\/www.sspo.gob.mx\/index.php?rest_route=%2Fwp%2Fv2%2Fcategories&post=33155"},{"taxonomy":"post_tag","embeddable":true,"href":"https:\/\/www.sspo.gob.mx\/index.php?rest_route=%2Fwp%2Fv2%2Ftags&post=33155"}],"curies":[{"name":"wp","href":"https:\/\/api.w.org\/{rel}","templated":true}]}}