{"id":34476,"date":"2018-08-20T16:46:34","date_gmt":"2018-08-20T22:46:34","guid":{"rendered":"https:\/\/sspo.gob.mx\/?p=34476"},"modified":"2018-08-20T19:04:34","modified_gmt":"2018-08-21T01:04:34","slug":"policia-estatal-detiene-a-una-persona-armada-en-valles-centrales","status":"publish","type":"post","link":"https:\/\/www.sspo.gob.mx\/?p=34476","title":{"rendered":"POLIC\u00cdA ESTATAL DETIENE A UNA PERSONA ARMADA EN VALLES CENTRALES"},"content":{"rendered":"<p>&nbsp;<\/p>\n<p>*** Y uno m\u00e1s por conducir motocicleta con alteraciones en el Papaloapan.<\/p>\n<p>&nbsp;<\/p>\n<p>La Secretar\u00eda de Seguridad P\u00fablica de Oaxaca (SSPO), informa que acciones separadas, se logr\u00f3 este lunes el aseguramiento de dos personas, un arma de fuego y una unidad de motor.<\/p>\n<p>&nbsp;<\/p>\n<p>La primera acci\u00f3n se realiz\u00f3 sobre la carretera que conduce a San Pedro Ixtlahuaca, en la colonia Ca\u00f1ada; producto de una denuncia recibida en el Centro de Control, Comando y Comunicaci\u00f3n (C4).<\/p>\n<p><img decoding=\"async\" src=\"https:\/\/sspo.gob.mx\/wp-content\/uploads\/2018\/08\/5fe5e54b-77ce-4abc-a943-263c516885c4.jpg\" \/><\/p>\n<p>Se trata de Lu\u00eds A. J., de 47 a\u00f1os de edad, a quien le localizaron fajada en la cintura un arma de fuego tipo pistola, color met\u00e1lico, n\u00famero de serie 533533 MAUSER \u2013 WERKE A.G. OCERNDORF A.N. y con un cargador color met\u00e1lico; de la cual no present\u00f3 el permiso correspondiente para su portaci\u00f3n.<\/p>\n<p>&nbsp;<\/p>\n<p>Por tal motivo fue trasladado al Cuartel de la Polic\u00eda Estatal, para su certificaci\u00f3n m\u00e9dica y realizar los tr\u00e1mites administrativos correspondientes para su puesta a disposici\u00f3n ante la Procuradur\u00eda General de la Rep\u00fablica Delegaci\u00f3n Oaxaca.<\/p>\n<p><img decoding=\"async\" src=\"https:\/\/sspo.gob.mx\/wp-content\/uploads\/2018\/08\/2-1-6.jpg\" \/><\/p>\n<p>En una segunda acci\u00f3n coordinada con la Base de Operaciones Mixtas (BOM),\u00a0 se logr\u00f3 la detenci\u00f3n de quien se identific\u00f3 como Jos\u00e9 A. F., de 21 a\u00f1os de edad; quien se trasladaba a bordo de una unidad de motor con placas sobrepuestas, en San Juan Bautista Tuxtepec.<\/p>\n<p><img decoding=\"async\" src=\"https:\/\/sspo.gob.mx\/wp-content\/uploads\/2018\/08\/3-1-5.jpg\" \/><img decoding=\"async\" src=\"https:\/\/sspo.gob.mx\/wp-content\/uploads\/2018\/08\/1-1-5.jpg\" \/><\/p>\n<p>Finalmente el conductor y la motocicleta marca Italika de color negro, modelo 2016,\u00a0 placas de circulaci\u00f3n MBW3Z, con n\u00famero de serie 3SCPSTBE561003549; quedaron a disposici\u00f3n de la autoridad competente, quien realizar\u00e1 las diligencias necesarias al caso y determinar\u00e1 la situaci\u00f3n jur\u00eddica.<\/p>\n","protected":false},"excerpt":{"rendered":"<p>&nbsp; *** Y uno m\u00e1s por conducir motocicleta con alteraciones en el Papaloapan. &nbsp; La Secretar\u00eda de Seguridad P\u00fablica de<\/p>\n","protected":false},"author":2,"featured_media":34482,"comment_status":"closed","ping_status":"open","sticky":false,"template":"","format":"standard","meta":{"footnotes":""},"categories":[7],"tags":[],"_links":{"self":[{"href":"https:\/\/www.sspo.gob.mx\/index.php?rest_route=\/wp\/v2\/posts\/34476"}],"collection":[{"href":"https:\/\/www.sspo.gob.mx\/index.php?rest_route=\/wp\/v2\/posts"}],"about":[{"href":"https:\/\/www.sspo.gob.mx\/index.php?rest_route=\/wp\/v2\/types\/post"}],"author":[{"embeddable":true,"href":"https:\/\/www.sspo.gob.mx\/index.php?rest_route=\/wp\/v2\/users\/2"}],"replies":[{"embeddable":true,"href":"https:\/\/www.sspo.gob.mx\/index.php?rest_route=%2Fwp%2Fv2%2Fcomments&post=34476"}],"version-history":[{"count":4,"href":"https:\/\/www.sspo.gob.mx\/index.php?rest_route=\/wp\/v2\/posts\/34476\/revisions"}],"predecessor-version":[{"id":34487,"href":"https:\/\/www.sspo.gob.mx\/index.php?rest_route=\/wp\/v2\/posts\/34476\/revisions\/34487"}],"wp:featuredmedia":[{"embeddable":true,"href":"https:\/\/www.sspo.gob.mx\/index.php?rest_route=\/wp\/v2\/media\/34482"}],"wp:attachment":[{"href":"https:\/\/www.sspo.gob.mx\/index.php?rest_route=%2Fwp%2Fv2%2Fmedia&parent=34476"}],"wp:term":[{"taxonomy":"category","embeddable":true,"href":"https:\/\/www.sspo.gob.mx\/index.php?rest_route=%2Fwp%2Fv2%2Fcategories&post=34476"},{"taxonomy":"post_tag","embeddable":true,"href":"https:\/\/www.sspo.gob.mx\/index.php?rest_route=%2Fwp%2Fv2%2Ftags&post=34476"}],"curies":[{"name":"wp","href":"https:\/\/api.w.org\/{rel}","templated":true}]}}