{"id":35377,"date":"2018-10-08T13:25:12","date_gmt":"2018-10-08T19:25:12","guid":{"rendered":"https:\/\/sspo.gob.mx\/?p=35377"},"modified":"2018-10-08T13:25:12","modified_gmt":"2018-10-08T19:25:12","slug":"realiza-sspo-taller-proceso-de-acreditacion-de-centros-penitenciarios-bajo-los-estandares-de-aca","status":"publish","type":"post","link":"https:\/\/www.sspo.gob.mx\/?p=35377","title":{"rendered":"REALIZA SSPO TALLER \u201cPROCESO DE ACREDITACI\u00d3N DE CENTROS PENITENCIARIOS BAJO LOS EST\u00c1NDARES DE ACA\u201d"},"content":{"rendered":"<p>Teniendo como sede las instalaciones del Centro de Control, Comando y Comunicaci\u00f3n (C4), de la Secretar\u00eda de Seguridad P\u00fablica de Oaxaca (SSPO), este d\u00eda se realiz\u00f3 el taller \u201cProceso de Acreditaci\u00f3n de Centros Penitenciarios Bajo los Est\u00e1ndares de la American Correccional Association (ACA), con el prop\u00f3sito de promover el mejoramiento en las tareas de los Centros Penitenciarios de la entidad.<\/p>\n<p><img decoding=\"async\" src=\"https:\/\/sspo.gob.mx\/wp-content\/uploads\/2018\/10\/2-3.jpeg\" \/><\/p>\n<p>Lo anterior derivado del acuerdo de cooperaci\u00f3n binacional \u201cIniciativa M\u00e9rida\u201d, de donde se desprende el \u201cPrograma de Correccionales\u201d para mejorar las capacidades del Sistema Penitenciario Mexicano, a trav\u00e9s de la homologaci\u00f3n, funcionamiento y aplicaci\u00f3n de est\u00e1ndares internacionales reconocidas como las mejores pr\u00e1cticas penitenciarias.<\/p>\n<p>&nbsp;<\/p>\n<p>Al respecto, el Maestro Mois\u00e9s Eduardo Bola\u00f1os Bonilla, Secretario Ejecutivo de la Conferencia Nacional del Sistema Penitenciario, agradeci\u00f3 el espacio brindado por parte de la dependencia encargada de la seguridad de los oaxaque\u00f1os, a fin de consolidar los esquemas de coordinaci\u00f3n y colaboraci\u00f3n que la propia Ley mandata.<\/p>\n<p>&nbsp;<\/p>\n<p>\u201cVenimos con mucho entusiasmo para poder coadyuvar y sumarnos a los prop\u00f3sitos que sin duda, de obtenerse aqu\u00ed en el estado, favorecer\u00e1n a todo el sistema penitenciario nacional\u201d, enfatiz\u00f3.<\/p>\n<p>&nbsp;<\/p>\n<p>En su oportunidad, el Capit\u00e1n de Fragata Jos\u00e9 Raymundo Tu\u00f1\u00f3n J\u00e1uregui, hizo un reconocimiento p\u00fablico al Maestro Mois\u00e9s Eduardo Bola\u00f1os Bonilla, por el apoyo brindado, ya que dijo que para el Gobierno del Estado, encabezado por el Maestro Alejandro Murat Hinojosa, la pol\u00edtica principal en materia de seguridad p\u00fablica es la capacitaci\u00f3n y profesionalizaci\u00f3n del personal, con lo cual adem\u00e1s, se ven beneficiadas las Personas Privadas de su Libertad, quienes reciben una estad\u00eda digna y mejores condiciones de vida, en pleno respeto a sus derechos humanos.<\/p>\n<p><img decoding=\"async\" src=\"https:\/\/sspo.gob.mx\/wp-content\/uploads\/2018\/10\/4-3.jpeg\" \/><\/p>\n<p>Asimismo la Licenciada Mar\u00eda Concepci\u00f3n Tovar Monreal, Subsecretaria de Prevenci\u00f3n y Reinserci\u00f3n Social, destac\u00f3 la importancia de la capacitaci\u00f3n por parte del \u00d3rgano Administrativo Desconcentrado para poder lograr el orden y la disciplina necesarias para obtener la mencionada acreditaci\u00f3n, a trav\u00e9s de cumplir con los 137 est\u00e1ndares internacionales.<\/p>\n<p><img decoding=\"async\" src=\"https:\/\/sspo.gob.mx\/wp-content\/uploads\/2018\/10\/1-3.jpeg\" \/><\/p>\n<p>Durante la actividad participaron alrededor de 30 personas entre directores, enlaces de la American Correccional Association y jefes de turno de la Penitenciar\u00eda Central y Centros Penitenciarios de Tuxtepec, Tehuantepec, Pochutla, Miahuatl\u00e1n, Mat\u00edas Romero, Juchit\u00e1n, Etla, Cuicatl\u00e1n, Juquila, Femenil Tanivet y el Psiqui\u00e1trico (CIEPPSI), as\u00ed como de la Direcci\u00f3n de Ejecuci\u00f3n de Medidas para Adolescentes (DEMA).<\/p>\n<p>&nbsp;<\/p>\n<p>Cabe mencionar que en el estado ya se ha venido trabajado en la certificaci\u00f3n de la DEMA y el Centro Penitenciario de Cuicatl\u00e1n; en espera de la acreditaci\u00f3n para los 11 Centros Penitenciarios restantes, que cuenta con una vigencia de tres a\u00f1os, as\u00ed como la re-acreditaci\u00f3n del Centro Penitenciario de Tuxtepec.<\/p>\n<p>&nbsp;<\/p>\n<p>Es de mencionar que durante el acto protocolario para dar inicio al taller, una Oficial de custodia recibi\u00f3 de parte de la Secretar\u00eda de Gobernaci\u00f3n (SEGOB), medalla y reconocimiento por su lealtad, respeto y disciplina dentro del sistema penitenciario estatal.<\/p>\n<p>&nbsp;<\/p>\n<p>Estuvieron presentes la Maestra Lidia Sara\u00ed Estrada Mart\u00ednez, Directora de Acreditaciones en la Coordinaci\u00f3n General de Pol\u00edticas P\u00fablicas y Vinculaci\u00f3n Interinstitucional y el Licenciado Edgar Manuel Gonz\u00e1lez Contreras, Subsecretario de Informaci\u00f3n y Desarrollo Institucional (SIDI); Lic. Ricardo Ram\u00edrez D\u00edaz, Director General de Reinserci\u00f3n Social.<\/p>\n<p><img decoding=\"async\" src=\"https:\/\/sspo.gob.mx\/wp-content\/uploads\/2018\/10\/3-4.jpeg\" \/><\/p>\n","protected":false},"excerpt":{"rendered":"<p>Teniendo como sede las instalaciones del Centro de Control, Comando y Comunicaci\u00f3n (C4), de la Secretar\u00eda de Seguridad P\u00fablica de<\/p>\n","protected":false},"author":2,"featured_media":35381,"comment_status":"closed","ping_status":"open","sticky":false,"template":"","format":"standard","meta":{"footnotes":""},"categories":[7],"tags":[],"_links":{"self":[{"href":"https:\/\/www.sspo.gob.mx\/index.php?rest_route=\/wp\/v2\/posts\/35377"}],"collection":[{"href":"https:\/\/www.sspo.gob.mx\/index.php?rest_route=\/wp\/v2\/posts"}],"about":[{"href":"https:\/\/www.sspo.gob.mx\/index.php?rest_route=\/wp\/v2\/types\/post"}],"author":[{"embeddable":true,"href":"https:\/\/www.sspo.gob.mx\/index.php?rest_route=\/wp\/v2\/users\/2"}],"replies":[{"embeddable":true,"href":"https:\/\/www.sspo.gob.mx\/index.php?rest_route=%2Fwp%2Fv2%2Fcomments&post=35377"}],"version-history":[{"count":1,"href":"https:\/\/www.sspo.gob.mx\/index.php?rest_route=\/wp\/v2\/posts\/35377\/revisions"}],"predecessor-version":[{"id":35383,"href":"https:\/\/www.sspo.gob.mx\/index.php?rest_route=\/wp\/v2\/posts\/35377\/revisions\/35383"}],"wp:featuredmedia":[{"embeddable":true,"href":"https:\/\/www.sspo.gob.mx\/index.php?rest_route=\/wp\/v2\/media\/35381"}],"wp:attachment":[{"href":"https:\/\/www.sspo.gob.mx\/index.php?rest_route=%2Fwp%2Fv2%2Fmedia&parent=35377"}],"wp:term":[{"taxonomy":"category","embeddable":true,"href":"https:\/\/www.sspo.gob.mx\/index.php?rest_route=%2Fwp%2Fv2%2Fcategories&post=35377"},{"taxonomy":"post_tag","embeddable":true,"href":"https:\/\/www.sspo.gob.mx\/index.php?rest_route=%2Fwp%2Fv2%2Ftags&post=35377"}],"curies":[{"name":"wp","href":"https:\/\/api.w.org\/{rel}","templated":true}]}}