{"id":35470,"date":"2018-10-13T08:17:59","date_gmt":"2018-10-13T14:17:59","guid":{"rendered":"https:\/\/sspo.gob.mx\/?p=35470"},"modified":"2018-10-13T08:17:59","modified_gmt":"2018-10-13T14:17:59","slug":"transportaba-mas-de-25-kilos-de-marihuana-fue-detenido-en-operativo-conjunto-de-sspo-y-semar","status":"publish","type":"post","link":"https:\/\/www.sspo.gob.mx\/?p=35470","title":{"rendered":"TRANSPORTABA M\u00c1S DE 25 KILOS DE MARIHUANA, FUE DETENIDO EN OPERATIVO CONJUNTO DE SSPO Y SEMAR"},"content":{"rendered":"<p>Como resultado del despliegue operativo que efectivos de las fuerzas policiales de la Secretar\u00eda de Seguridad P\u00fablica de Oaxaca (SSPO) y de la Secretar\u00eda de Marina (SEMAR) mantienen en la regi\u00f3n de la Costa, un automovilista que transportaba m\u00e1s de 25 kilogramos de hierba seca con caracter\u00edsticas de la marihuana, fue detenido y puesto a disposici\u00f3n de las autoridades competentes.<\/p>\n<p><img decoding=\"async\" src=\"https:\/\/sspo.gob.mx\/wp-content\/uploads\/2018\/10\/01-1-1-768x1024.jpg\" \/><\/p>\n<p>Se trata de F. B., de 55 a\u00f1os de edad, detenido aproximadamente a las 17:40 horas del pasado viernes, sobre la carretera local 131 que conduce de Puerto Escondido a San Pedro Mixtepec, a la altura de La Lucerna, Mixtepec.<\/p>\n<p>&nbsp;<\/p>\n<p>Dicha persona se trasladaba a bordo de un veh\u00edculo marca Nissan, tipo March, color rojo, con placas de circulaci\u00f3n HAV 479-A de Guerrero y n\u00famero de serie 3N1CK3CD6GL241469, en el que fueron localizadas 11 bolsas de nylon conteniendo hierba seca con caracter\u00edsticas propias de la marihuana, con un peso total aproximado de 25 kilos, con 330 gramos.<\/p>\n<p>&nbsp;<\/p>\n<p>Por este motivo, el imputado, el enervante y el veh\u00edculo, fueron puestos a disposici\u00f3n\u00a0 del\u00a0 Ministerio P\u00fablico de la Federaci\u00f3n con sede en Bah\u00edas de Huatulco.<\/p>\n<p>&nbsp;<\/p>\n","protected":false},"excerpt":{"rendered":"<p>Como resultado del despliegue operativo que efectivos de las fuerzas policiales de la Secretar\u00eda de Seguridad P\u00fablica de Oaxaca (SSPO)<\/p>\n","protected":false},"author":2,"featured_media":35472,"comment_status":"closed","ping_status":"open","sticky":false,"template":"","format":"standard","meta":{"footnotes":""},"categories":[7],"tags":[],"_links":{"self":[{"href":"https:\/\/www.sspo.gob.mx\/index.php?rest_route=\/wp\/v2\/posts\/35470"}],"collection":[{"href":"https:\/\/www.sspo.gob.mx\/index.php?rest_route=\/wp\/v2\/posts"}],"about":[{"href":"https:\/\/www.sspo.gob.mx\/index.php?rest_route=\/wp\/v2\/types\/post"}],"author":[{"embeddable":true,"href":"https:\/\/www.sspo.gob.mx\/index.php?rest_route=\/wp\/v2\/users\/2"}],"replies":[{"embeddable":true,"href":"https:\/\/www.sspo.gob.mx\/index.php?rest_route=%2Fwp%2Fv2%2Fcomments&post=35470"}],"version-history":[{"count":1,"href":"https:\/\/www.sspo.gob.mx\/index.php?rest_route=\/wp\/v2\/posts\/35470\/revisions"}],"predecessor-version":[{"id":35474,"href":"https:\/\/www.sspo.gob.mx\/index.php?rest_route=\/wp\/v2\/posts\/35470\/revisions\/35474"}],"wp:featuredmedia":[{"embeddable":true,"href":"https:\/\/www.sspo.gob.mx\/index.php?rest_route=\/wp\/v2\/media\/35472"}],"wp:attachment":[{"href":"https:\/\/www.sspo.gob.mx\/index.php?rest_route=%2Fwp%2Fv2%2Fmedia&parent=35470"}],"wp:term":[{"taxonomy":"category","embeddable":true,"href":"https:\/\/www.sspo.gob.mx\/index.php?rest_route=%2Fwp%2Fv2%2Fcategories&post=35470"},{"taxonomy":"post_tag","embeddable":true,"href":"https:\/\/www.sspo.gob.mx\/index.php?rest_route=%2Fwp%2Fv2%2Ftags&post=35470"}],"curies":[{"name":"wp","href":"https:\/\/api.w.org\/{rel}","templated":true}]}}