{"id":35975,"date":"2018-10-30T17:35:45","date_gmt":"2018-10-30T23:35:45","guid":{"rendered":"https:\/\/sspo.gob.mx\/?p=35975"},"modified":"2018-10-30T17:35:45","modified_gmt":"2018-10-30T23:35:45","slug":"conmemora-sspo-primer-aniversario-del-taller-de-artes-graficas-siqueiros","status":"publish","type":"post","link":"https:\/\/www.sspo.gob.mx\/?p=35975","title":{"rendered":"CONMEMORA SSPO PRIMER ANIVERSARIO DEL TALLER DE ARTES GR\u00c1FICAS \u201cSIQUEIROS\u201d"},"content":{"rendered":"<p>Al conmemorarse el pasado 27 de octubre el primer aniversario de la creaci\u00f3n del Taller de Artes Gr\u00e1ficas \u201cSiqueiros\u201d -el primero en su tipo a nivel nacional, al encontrase dentro de un Centro Penitenciario y reflejar la vida de las Personas Privadas de Libertad (PPL) mediante sus creaciones guiadas con el apoyo del art\u00edstica pl\u00e1stico Jason Nicholas Pfohl- la Secretar\u00eda de Seguridad P\u00fablica de Oaxaca (SSPO) refrend\u00f3 su compromiso de mantener el impuso y facilitar este tipo de actividades desprendidas del modelo integral de reinserci\u00f3n social con rostro humano.<\/p>\n<p>Esta dependencia encabezada por el Capit\u00e1n Jos\u00e9 Raymundo Tu\u00f1\u00f3n J\u00e1uregui, a trav\u00e9s de la Subsecretar\u00eda de Prevenci\u00f3n y Reinserci\u00f3n Social, llev\u00f3 a cabo un evento conmemorativo en el Centro Penitenciario de Santa Mar\u00eda Ixcotel, sede del taller.<\/p>\n<p>La Subsecretar\u00eda de Prevenci\u00f3n y Reinserci\u00f3n Social, Mar\u00eda Concepci\u00f3n Tovar Monreal Subsecretar\u00eda de Prevenci\u00f3n y Reinserci\u00f3n Social, acompa\u00f1ada del Director de Reinserci\u00f3n Social, Ricardo Ram\u00edrez D\u00edaz, felicit\u00f3 a los integrantes de este taller por su entusiasmo y los logros obtenidos durante este a\u00f1o, entre los que se encuentran destacadas exposiciones internas, en galer\u00edas en la Ciudad Capital, en el Estado de Veracruz y pr\u00f3ximamente en el extranjero.<\/p>\n<p><img decoding=\"async\" src=\"https:\/\/sspo.gob.mx\/wp-content\/uploads\/2018\/10\/4-5.jpeg\" \/><\/p>\n<p>Uno de los logros de este taller es la creaci\u00f3n de la Loter\u00eda Canera, que consta con m\u00e1s de 40 obras con la t\u00e9cnica de xilograf\u00eda, cada una de las cuales retrata escenas que viven las PPL desde el ingreso, los oficios, la visita, el boquete y la visita conyugal, entre otros, acompa\u00f1ada de una descripci\u00f3n que explica la obra en forma po\u00e9tica.<\/p>\n<p>Asimismo, se ha reforzado la capacitaci\u00f3n para el trabajo mediante esfuerzos conjuntos de las autoridades penitenciarias y del artista Jason Nicholas Pfohl, logrando la impartici\u00f3n de cursos de dibujo, pintura, xilograf\u00eda y serigraf\u00eda, por profesionales de las bellas artes.<\/p>\n<p><img decoding=\"async\" src=\"https:\/\/sspo.gob.mx\/wp-content\/uploads\/2018\/10\/3-1-1.jpeg\" \/><\/p>\n<p>De esta forma, como resultado del curso Autorretrato, en el marco de dicha ceremonia se llev\u00f3 a cabo la inauguraci\u00f3n de la exposici\u00f3n \u201cLuz y sombra\u201d que consta de m\u00e1s de 30 obras realizadas por 17 PPL, con las t\u00e9cnicas de xilograf\u00eda, monotipos y grabados en botellas de vidrio, a cuyos autores les fue otorgado un reconocimiento. Durante la exposici\u00f3n, los asistentes disfrutaron de m\u00fasica interpretada Personas Privadas de Libertad.<\/p>\n<p>As\u00ed, al formar la cultura una parte esencial de los programas del modelo integral de reinserci\u00f3n social, la SSPO mantiene la promoci\u00f3n y preparaci\u00f3n de las y los integrantes del Sistema Penitenciario en artes pl\u00e1sticas.<\/p>\n<p><img decoding=\"async\" src=\"https:\/\/sspo.gob.mx\/wp-content\/uploads\/2018\/10\/2-1-1.jpeg\" \/><\/p>\n<p><img decoding=\"async\" src=\"https:\/\/sspo.gob.mx\/wp-content\/uploads\/2018\/10\/5-2.jpeg\" \/><\/p>\n","protected":false},"excerpt":{"rendered":"<p>Al conmemorarse el pasado 27 de octubre el primer aniversario de la creaci\u00f3n del Taller de Artes Gr\u00e1ficas \u201cSiqueiros\u201d -el<\/p>\n","protected":false},"author":2,"featured_media":35980,"comment_status":"closed","ping_status":"open","sticky":false,"template":"","format":"standard","meta":{"footnotes":""},"categories":[7],"tags":[],"_links":{"self":[{"href":"https:\/\/www.sspo.gob.mx\/index.php?rest_route=\/wp\/v2\/posts\/35975"}],"collection":[{"href":"https:\/\/www.sspo.gob.mx\/index.php?rest_route=\/wp\/v2\/posts"}],"about":[{"href":"https:\/\/www.sspo.gob.mx\/index.php?rest_route=\/wp\/v2\/types\/post"}],"author":[{"embeddable":true,"href":"https:\/\/www.sspo.gob.mx\/index.php?rest_route=\/wp\/v2\/users\/2"}],"replies":[{"embeddable":true,"href":"https:\/\/www.sspo.gob.mx\/index.php?rest_route=%2Fwp%2Fv2%2Fcomments&post=35975"}],"version-history":[{"count":1,"href":"https:\/\/www.sspo.gob.mx\/index.php?rest_route=\/wp\/v2\/posts\/35975\/revisions"}],"predecessor-version":[{"id":35982,"href":"https:\/\/www.sspo.gob.mx\/index.php?rest_route=\/wp\/v2\/posts\/35975\/revisions\/35982"}],"wp:featuredmedia":[{"embeddable":true,"href":"https:\/\/www.sspo.gob.mx\/index.php?rest_route=\/wp\/v2\/media\/35980"}],"wp:attachment":[{"href":"https:\/\/www.sspo.gob.mx\/index.php?rest_route=%2Fwp%2Fv2%2Fmedia&parent=35975"}],"wp:term":[{"taxonomy":"category","embeddable":true,"href":"https:\/\/www.sspo.gob.mx\/index.php?rest_route=%2Fwp%2Fv2%2Fcategories&post=35975"},{"taxonomy":"post_tag","embeddable":true,"href":"https:\/\/www.sspo.gob.mx\/index.php?rest_route=%2Fwp%2Fv2%2Ftags&post=35975"}],"curies":[{"name":"wp","href":"https:\/\/api.w.org\/{rel}","templated":true}]}}