{"id":35991,"date":"2018-10-31T13:58:58","date_gmt":"2018-10-31T19:58:58","guid":{"rendered":"https:\/\/sspo.gob.mx\/?p=35991"},"modified":"2018-10-31T13:58:58","modified_gmt":"2018-10-31T19:58:58","slug":"inaugura-sspo-diplomado-prevencion-integral-y-control-inteligente-del-delito","status":"publish","type":"post","link":"https:\/\/www.sspo.gob.mx\/?p=35991","title":{"rendered":"INAUGURA SSPO DIPLOMADO \u201cPREVENCI\u00d3N INTEGRAL Y CONTROL INTELIGENTE DEL DELITO\u201d"},"content":{"rendered":"<p>El Gobierno de Oaxaca a trav\u00e9s del Secretariado Ejecutivo del Sistema Estatal de Seguridad P\u00fablica (SESESPO), en colaboraci\u00f3n con el Instituto Universitario de Investigaci\u00f3n Ortega y Gasset M\u00e9xico, as\u00ed como la Fundaci\u00f3n para el Estudio de la Seguridad y Gobernanza (FESEGO), dio inicio este d\u00eda al Diplomado \u201cPrevenci\u00f3n Integral y Control Inteligente del Delito\u201d, cuya ceremonia de inauguraci\u00f3n estuvo encabezada por el titular de la Secretar\u00eda de Seguridad P\u00fablica Estatal (SSPO), Capit\u00e1n Jos\u00e9 Raymundo Tu\u00f1\u00f3n J\u00e1uregui.<\/p>\n<p><img decoding=\"async\" src=\"https:\/\/sspo.gob.mx\/wp-content\/uploads\/2018\/10\/05-1024x683.jpeg\" \/><\/p>\n<p>Dirigido a integrantes del Sistema Estatal de Seguridad P\u00fablica, este diplomado tiene como objetivo reforzar la comprensi\u00f3n acerca de la deontolog\u00eda de la prevenci\u00f3n, la seguridad integral y la justicia penal, las responsabilidades y capacidades de respuesta del Estado en la protecci\u00f3n y promoci\u00f3n de los derechos fundamentales, las explicaciones causales y el escenario del fen\u00f3meno de violencia y criminalidad, as\u00ed como de las pol\u00edticas y los instrumentos que se han concebido para vigorizar el Estado de Derecho.<\/p>\n<p>As\u00ed lo dio a conocer el Presidente de la Fundaci\u00f3n para el Estudio de la Seguridad y Gobernanza A. C., Oscar Aguilar S\u00e1nchez, quien destac\u00f3 la importancia de la convocatoria y la trascendencia de las diversas tem\u00e1ticas que comprender\u00e1 el programa acad\u00e9mico de 132 horas que ser\u00e1n impartidas a partir del mes actual y hasta enero de 2019 a los cursantes.<\/p>\n<p><img decoding=\"async\" src=\"https:\/\/sspo.gob.mx\/wp-content\/uploads\/2018\/10\/04-1024x683.jpeg\" \/><\/p>\n<p>En el acto inaugural, el Secretario de Seguridad P\u00fablica de Oaxaca, agradeci\u00f3 y reconoci\u00f3 la iniciativa del titular del SESESPO, Maestro Jos\u00e9 Manuel Vera Salinas, que con acciones como esta \u2013dijo- apoya y fortalece pol\u00edtica principal en materia de seguridad p\u00fablica del Gobierno Estatal: la profesionalizaci\u00f3n de las y los integrantes de las instituciones encargadas de la protecci\u00f3n ciudadana.<\/p>\n<p>De esta forma se dio paso al inicio de las ponencias, con dos destacadas personalidades como el Presidente de la Organizaci\u00f3n Internacional para la Asistencia a V\u00edctimas (IOVA), quien adem\u00e1s es fundador y Director Ejecutivo del Centro Internacional para la Prevenci\u00f3n de la Criminalidad (CIPC), el Doctor en Derecho, Irvin Waller y la cofundadora y Directora General de Reconcilia DH y Justicia Reconciliaci\u00f3n y Derechos Humanos (JUSRED), la Doctora Daniela Malpica Neri.<\/p>\n<p><img decoding=\"async\" src=\"https:\/\/sspo.gob.mx\/wp-content\/uploads\/2018\/10\/03-1-1024x576.jpeg\" \/><\/p>\n<p>Cabe destacar la presencia en este acto protocolario del Diputado Presidente de la Mesa Directiva del Congreso del Estado de Oaxaca, Jes\u00fas Romero L\u00f3pez; del Delegado del Unidad Administrativa que integra la Polic\u00eda Federal Ministerial, Salvador Cruz Neri; del Inspector General de la Polic\u00eda Federal, Ricardo Ballina Guerrero; del Presidente de la Fundaci\u00f3n para el Estudio de la Seguridad y Gobernanza, Oscar Aguilar S\u00e1nchez; de la Directora de Prevenci\u00f3n del Delito de la Fiscal\u00eda General del Estado, Yazm\u00edn Ram\u00edrez Gonz\u00e1lez y de la Presidenta del Comit\u00e9 Estatal de Consulta y Participaci\u00f3n Ciudadana, Mar\u00eda Isabel Chagoya M\u00e9ndez.<\/p>\n<p>En este diplomado se cuenta con la participaci\u00f3n de al menos 44 integrantes de las distintas instituciones convocadas, entre las que se encuentran la Fiscal\u00eda General del Estado, la SSPO, el Instituto Estatal de Educaci\u00f3n P\u00fablica de Oaxaca (IEEPO), la Secretar\u00eda de la Mujer Oaxaque\u00f1a (SMO) y la Universidad An\u00e1huac, entre otras.<\/p>\n<p><img decoding=\"async\" src=\"https:\/\/sspo.gob.mx\/wp-content\/uploads\/2018\/10\/02-1-682x1024.jpeg\" \/><\/p>\n","protected":false},"excerpt":{"rendered":"<p>El Gobierno de Oaxaca a trav\u00e9s del Secretariado Ejecutivo del Sistema Estatal de Seguridad P\u00fablica (SESESPO), en colaboraci\u00f3n con el<\/p>\n","protected":false},"author":2,"featured_media":35996,"comment_status":"closed","ping_status":"open","sticky":false,"template":"","format":"standard","meta":{"footnotes":""},"categories":[7],"tags":[],"_links":{"self":[{"href":"https:\/\/www.sspo.gob.mx\/index.php?rest_route=\/wp\/v2\/posts\/35991"}],"collection":[{"href":"https:\/\/www.sspo.gob.mx\/index.php?rest_route=\/wp\/v2\/posts"}],"about":[{"href":"https:\/\/www.sspo.gob.mx\/index.php?rest_route=\/wp\/v2\/types\/post"}],"author":[{"embeddable":true,"href":"https:\/\/www.sspo.gob.mx\/index.php?rest_route=\/wp\/v2\/users\/2"}],"replies":[{"embeddable":true,"href":"https:\/\/www.sspo.gob.mx\/index.php?rest_route=%2Fwp%2Fv2%2Fcomments&post=35991"}],"version-history":[{"count":1,"href":"https:\/\/www.sspo.gob.mx\/index.php?rest_route=\/wp\/v2\/posts\/35991\/revisions"}],"predecessor-version":[{"id":35998,"href":"https:\/\/www.sspo.gob.mx\/index.php?rest_route=\/wp\/v2\/posts\/35991\/revisions\/35998"}],"wp:featuredmedia":[{"embeddable":true,"href":"https:\/\/www.sspo.gob.mx\/index.php?rest_route=\/wp\/v2\/media\/35996"}],"wp:attachment":[{"href":"https:\/\/www.sspo.gob.mx\/index.php?rest_route=%2Fwp%2Fv2%2Fmedia&parent=35991"}],"wp:term":[{"taxonomy":"category","embeddable":true,"href":"https:\/\/www.sspo.gob.mx\/index.php?rest_route=%2Fwp%2Fv2%2Fcategories&post=35991"},{"taxonomy":"post_tag","embeddable":true,"href":"https:\/\/www.sspo.gob.mx\/index.php?rest_route=%2Fwp%2Fv2%2Ftags&post=35991"}],"curies":[{"name":"wp","href":"https:\/\/api.w.org\/{rel}","templated":true}]}}