{"id":36110,"date":"2018-11-08T17:18:27","date_gmt":"2018-11-08T23:18:27","guid":{"rendered":"https:\/\/sspo.gob.mx\/?p=36110"},"modified":"2018-11-08T18:59:06","modified_gmt":"2018-11-09T00:59:06","slug":"celebran-en-huatulco-la-xviii-asamblea-plenaria-de-la-conferencia-nacional-del-sistema-penitenciario","status":"publish","type":"post","link":"https:\/\/www.sspo.gob.mx\/?p=36110","title":{"rendered":"CELEBRAN EN HUATULCO LA XVIII ASAMBLEA PLENARIA DE LA CONFERENCIA NACIONAL DEL SISTEMA PENITENCIARIO"},"content":{"rendered":"<p>El Sistema Penitenciario de Oaxaca obtuvo calificaci\u00f3n aprobatoria en el Diagnostico Nacional de Supervisi\u00f3n Penitenciaria: SSPO<\/p>\n<p>Bah\u00edas de Huatulco, Oax.-\u00a0 Con la representaci\u00f3n del gobernador Alejandro Murat Hinojosa, el titular de la Secretar\u00eda de Seguridad P\u00fablica de Oaxaca (SSPO), Jos\u00e9 Raymundo Tu\u00f1\u00f3n J\u00e1uregui inaugur\u00f3 este jueves la XVIII Asamblea Plenaria de la Conferencia Nacional del Sistema Penitenciario celebrada en este destino tur\u00edstico.<\/p>\n<p>Ante el Presidente de la Conferencia Nacional y Comisionado Nacional de Seguridad, Renato Sales Heredia, as\u00ed como a sus hom\u00f3logos y representantes de las entidades federativas de la Rep\u00fablica Mexicana que se dieron cita en el encuentro, el responsable de la pol\u00edtica de seguridad en la entidad sostuvo que en el Sistema Penitenciario de Oaxaca se ha buscado aplicar los cinco ejes rectores de la reincorporaci\u00f3n a la sociedad de las Personas Privadas de la Libertad (PPL), como son la educaci\u00f3n, capacitaci\u00f3n para el trabajo, salud y deporte.<\/p>\n<p>Destac\u00f3 que muestra de ello es que el pasado mes de mayo, por primera vez en la historia, este sistema obtuvo una calificaci\u00f3n aprobatoria en el Diagn\u00f3stico Nacional de Supervisi\u00f3n Penitenciaria que otorga la Comisi\u00f3n Nacional de los Derechos Humanos.<\/p>\n<p>En el evento donde asistieron el Secretario Ejecutivo del Sistema Nacional de Seguridad P\u00fablica, \u00c1lvaro Vizca\u00edno Zamora y el Secretario Ejecutivo del Sistema Estatal de Seguridad P\u00fablica, Jos\u00e9 Manuel Vera Salinas; Tu\u00f1\u00f3n J\u00e1uregui reconoci\u00f3 la importancia del encuentro ya que con la participaci\u00f3n de los encargados de los \u00f3rganos de prevenci\u00f3n y reinserci\u00f3n social del pa\u00eds se permite a las entidades federativas la oportunidad de perfeccionar los procesos propios e implementar otros que pudieran adaptarse a la particularidad de cada entidad.<\/p>\n<p><img decoding=\"async\" src=\"https:\/\/sspo.gob.mx\/wp-content\/uploads\/2018\/11\/WhatsApp-Image-2018-11-08-at-16.52.35.jpeg\" \/><\/p>\n<p>&nbsp;<\/p>\n<p>En su oportunidad, el Presidente de la Conferencia Nacional, Sales Heredia alent\u00f3 a los participantes a fortalecer los mecanismos de coordinaci\u00f3n que permitan la formulaci\u00f3n y ejecuci\u00f3n de pol\u00edticas, programas y acciones necesarias para dignificar la estancia y vida de las Personas Privadas de Libertad al igual que del personal penitenciario del pa\u00eds de una forma efectiva.<\/p>\n<p>Esto- enfatiz\u00f3- requiere de esfuerzos, acciones y presupuestos transversales y de atenci\u00f3n vinculada entre \u00f3rdenes de gobierno e instituciones de todos los rubros.<\/p>\n<p>Por su parte, el secretario t\u00e9cnico de la Conferencia Nacional y titular del \u00d3rgano Administrativo Desconcentrado Prevenci\u00f3n y Readaptaci\u00f3n Social (OADPRS), Rogelio Miguel Figueroa Vel\u00e1squez destac\u00f3 que la federaci\u00f3n se ha fortalecido en la gobernabilidad de los centros penitenciarios, no s\u00f3lo por el establecimiento claro y preciso de la pol\u00edtica penitenciaria desde el seno del propio Sistema Penitenciario Nacional, sino de las propias excepciones del Art\u00edculo 18 Constitucional en relaci\u00f3n a la Ley Nacional de Ejecuci\u00f3n Penal.<\/p>\n<p>&nbsp;<\/p>\n<p><img decoding=\"async\" src=\"https:\/\/sspo.gob.mx\/wp-content\/uploads\/2018\/11\/WhatsApp-Image-2018-11-08-at-16.47.56.jpeg\" \/><\/p>\n","protected":false},"excerpt":{"rendered":"<p>El Sistema Penitenciario de Oaxaca obtuvo calificaci\u00f3n aprobatoria en el Diagnostico Nacional de Supervisi\u00f3n Penitenciaria: SSPO Bah\u00edas de Huatulco, Oax.-\u00a0<\/p>\n","protected":false},"author":2,"featured_media":36116,"comment_status":"closed","ping_status":"open","sticky":false,"template":"","format":"standard","meta":{"footnotes":""},"categories":[7],"tags":[],"_links":{"self":[{"href":"https:\/\/www.sspo.gob.mx\/index.php?rest_route=\/wp\/v2\/posts\/36110"}],"collection":[{"href":"https:\/\/www.sspo.gob.mx\/index.php?rest_route=\/wp\/v2\/posts"}],"about":[{"href":"https:\/\/www.sspo.gob.mx\/index.php?rest_route=\/wp\/v2\/types\/post"}],"author":[{"embeddable":true,"href":"https:\/\/www.sspo.gob.mx\/index.php?rest_route=\/wp\/v2\/users\/2"}],"replies":[{"embeddable":true,"href":"https:\/\/www.sspo.gob.mx\/index.php?rest_route=%2Fwp%2Fv2%2Fcomments&post=36110"}],"version-history":[{"count":1,"href":"https:\/\/www.sspo.gob.mx\/index.php?rest_route=\/wp\/v2\/posts\/36110\/revisions"}],"predecessor-version":[{"id":36115,"href":"https:\/\/www.sspo.gob.mx\/index.php?rest_route=\/wp\/v2\/posts\/36110\/revisions\/36115"}],"wp:featuredmedia":[{"embeddable":true,"href":"https:\/\/www.sspo.gob.mx\/index.php?rest_route=\/wp\/v2\/media\/36116"}],"wp:attachment":[{"href":"https:\/\/www.sspo.gob.mx\/index.php?rest_route=%2Fwp%2Fv2%2Fmedia&parent=36110"}],"wp:term":[{"taxonomy":"category","embeddable":true,"href":"https:\/\/www.sspo.gob.mx\/index.php?rest_route=%2Fwp%2Fv2%2Fcategories&post=36110"},{"taxonomy":"post_tag","embeddable":true,"href":"https:\/\/www.sspo.gob.mx\/index.php?rest_route=%2Fwp%2Fv2%2Ftags&post=36110"}],"curies":[{"name":"wp","href":"https:\/\/api.w.org\/{rel}","templated":true}]}}