{"id":37542,"date":"2019-01-15T11:12:28","date_gmt":"2019-01-15T17:12:28","guid":{"rendered":"https:\/\/sspo.gob.mx\/?p=37542"},"modified":"2019-01-15T11:12:30","modified_gmt":"2019-01-15T17:12:30","slug":"fuerzas-policiales-coordinadas-detienen-a-persona-armada-en-el-istmo","status":"publish","type":"post","link":"https:\/\/www.sspo.gob.mx\/?p=37542","title":{"rendered":"FUERZAS POLICIALES COORDINADAS DETIENEN A PERSONA ARMADA EN EL ISTMO"},"content":{"rendered":"\n<p>Integrantes de la Polic\u00eda Estatal en coordinaci\u00f3n con personal de la Polic\u00eda Municipal de Juchit\u00e1n de Zaragoza, realizaron la detenci\u00f3n de una persona que portaba un arma de fuego para la que no present\u00f3 la documentaci\u00f3n correspondiente, motivo por el que fue consignado ante el Ministerio P\u00fablico de la Federaci\u00f3n. <\/p>\n\n\n\n<p>Dicha intervenci\u00f3n policial tuvo lugar el pasado lunes, en la calle \u00c1lvaro Obreg\u00f3n ubicada entre 2 de Noviembre y avenida Ferrocarril, de la 2\u00aa Secci\u00f3n de Juchit\u00e1n de Zaragoza. <\/p>\n\n\n\n<figure class=\"wp-block-image\"><img loading=\"lazy\" decoding=\"async\" width=\"265\" height=\"456\" src=\"https:\/\/sspo.gob.mx\/wp-content\/uploads\/2019\/01\/01-2-1.jpeg\" alt=\"\" class=\"wp-image-37543\" srcset=\"https:\/\/www.sspo.gob.mx\/wp-content\/uploads\/2019\/01\/01-2-1.jpeg 265w, https:\/\/www.sspo.gob.mx\/wp-content\/uploads\/2019\/01\/01-2-1-174x300.jpeg 174w\" sizes=\"(max-width: 265px) 100vw, 265px\" \/><\/figure>\n\n\n\n<p>En el sitio, los polic\u00edas observaron a una persona del sexo masculino, sentado a bordo de una motocicleta, mismo que al percatarse de la presencia de los uniformados, trat\u00f3 de esconder alg\u00fan objeto que llevaba en la cintura. <\/p>\n\n\n\n<p>De esta forma, mediante una inspecci\u00f3n preventiva fue corroborado que el imputado llevaba del lado derecho, fajada debajo del pantal\u00f3n, un arma de fuego corta, calibre 9mm, con un cargador insertado, abastecido con ocho cartuchos \u00fatiles. <\/p>\n\n\n\n<p>Se trata de F. L., de 25 a\u00f1os de edad, quien junto con el arma de fuego y la motocicleta marca Bajaj, modelo 2016, color negro, fue consignado ante el Agente del Ministerio P\u00fablico de la Federaci\u00f3n con residencia en Mat\u00edas Romero Avenda\u00f1o, para los efectos que resulten. <\/p>\n\n\n\n<figure class=\"wp-block-image\"><img loading=\"lazy\" decoding=\"async\" width=\"364\" height=\"232\" src=\"https:\/\/sspo.gob.mx\/wp-content\/uploads\/2019\/01\/03-2.jpg\" alt=\"\" class=\"wp-image-37544\" srcset=\"https:\/\/www.sspo.gob.mx\/wp-content\/uploads\/2019\/01\/03-2.jpg 364w, https:\/\/www.sspo.gob.mx\/wp-content\/uploads\/2019\/01\/03-2-300x191.jpg 300w\" sizes=\"(max-width: 364px) 100vw, 364px\" \/><\/figure>\n","protected":false},"excerpt":{"rendered":"<p>Integrantes de la Polic\u00eda Estatal en coordinaci\u00f3n con personal de la Polic\u00eda Municipal de Juchit\u00e1n de Zaragoza, realizaron la detenci\u00f3n<\/p>\n","protected":false},"author":2,"featured_media":37545,"comment_status":"closed","ping_status":"open","sticky":false,"template":"","format":"standard","meta":{"footnotes":""},"categories":[7],"tags":[],"_links":{"self":[{"href":"https:\/\/www.sspo.gob.mx\/index.php?rest_route=\/wp\/v2\/posts\/37542"}],"collection":[{"href":"https:\/\/www.sspo.gob.mx\/index.php?rest_route=\/wp\/v2\/posts"}],"about":[{"href":"https:\/\/www.sspo.gob.mx\/index.php?rest_route=\/wp\/v2\/types\/post"}],"author":[{"embeddable":true,"href":"https:\/\/www.sspo.gob.mx\/index.php?rest_route=\/wp\/v2\/users\/2"}],"replies":[{"embeddable":true,"href":"https:\/\/www.sspo.gob.mx\/index.php?rest_route=%2Fwp%2Fv2%2Fcomments&post=37542"}],"version-history":[{"count":1,"href":"https:\/\/www.sspo.gob.mx\/index.php?rest_route=\/wp\/v2\/posts\/37542\/revisions"}],"predecessor-version":[{"id":37546,"href":"https:\/\/www.sspo.gob.mx\/index.php?rest_route=\/wp\/v2\/posts\/37542\/revisions\/37546"}],"wp:featuredmedia":[{"embeddable":true,"href":"https:\/\/www.sspo.gob.mx\/index.php?rest_route=\/wp\/v2\/media\/37545"}],"wp:attachment":[{"href":"https:\/\/www.sspo.gob.mx\/index.php?rest_route=%2Fwp%2Fv2%2Fmedia&parent=37542"}],"wp:term":[{"taxonomy":"category","embeddable":true,"href":"https:\/\/www.sspo.gob.mx\/index.php?rest_route=%2Fwp%2Fv2%2Fcategories&post=37542"},{"taxonomy":"post_tag","embeddable":true,"href":"https:\/\/www.sspo.gob.mx\/index.php?rest_route=%2Fwp%2Fv2%2Ftags&post=37542"}],"curies":[{"name":"wp","href":"https:\/\/api.w.org\/{rel}","templated":true}]}}