{"id":37845,"date":"2019-01-26T16:27:54","date_gmt":"2019-01-26T22:27:54","guid":{"rendered":"https:\/\/sspo.gob.mx\/?p=37845"},"modified":"2019-02-04T20:32:08","modified_gmt":"2019-02-05T02:32:08","slug":"san-pedro-y-san-pablo-teposcolula-brindara-atencion-especializada-de-reeducacion-con-enfoque-de-genero","status":"publish","type":"post","link":"https:\/\/www.sspo.gob.mx\/?p=37845","title":{"rendered":"SAN PEDRO Y SAN PABLO TEPOSCOLULA BRINDAR\u00c1 ATENCI\u00d3N ESPECIALIZADA DE REEDUCACI\u00d3N CON ENFOQUE DE G\u00c9NERO"},"content":{"rendered":"\n<p>Dentro del marco del D\u00eda Naranja y derivado de la firma de un convenio entre la Secretar\u00eda de Seguridad P\u00fablica de Oaxaca (SSPO) y el Ayuntamiento de San Pedro y San Pablo Teposcolula, este viernes fue inaugurada en la regi\u00f3n Mixteca, la segunda Unidad de Reeducaci\u00f3n para hombres que ejercen violencia contra las mujeres <\/p>\n\n\n\n<p>El acto protocolario se llev\u00f3 a cabo en el corredor del Palacio Municipal de localidad, al cual asistieron 24 autoridades municipales y representantes de instancias de los tres \u00f3rdenes de gobierno, quienes reconocieron la voluntad y la coordinaci\u00f3n entre el Gobierno Estatal y los municipios, a fin de garantizar el acceso de las ni\u00f1as y las mujeres a una vida libre de violencia. <\/p>\n\n\n\n<figure class=\"wp-block-image\"><img loading=\"lazy\" decoding=\"async\" width=\"768\" height=\"1024\" src=\"https:\/\/sspo.gob.mx\/wp-content\/uploads\/2019\/01\/reeducaci\u00f3n-con-enfoque-de-g\u00e9nero-1-768x1024.jpeg\" alt=\"\" class=\"wp-image-37846\" srcset=\"https:\/\/www.sspo.gob.mx\/wp-content\/uploads\/2019\/01\/reeducaci\u00f3n-con-enfoque-de-g\u00e9nero-1-768x1024.jpeg 768w, https:\/\/www.sspo.gob.mx\/wp-content\/uploads\/2019\/01\/reeducaci\u00f3n-con-enfoque-de-g\u00e9nero-1-225x300.jpeg 225w, https:\/\/www.sspo.gob.mx\/wp-content\/uploads\/2019\/01\/reeducaci\u00f3n-con-enfoque-de-g\u00e9nero-1.jpeg 960w\" sizes=\"(max-width: 768px) 100vw, 768px\" \/><\/figure>\n\n\n\n<p>Esta unidad trabajar\u00e1 de forma preventiva, articulando acciones focalizadas con enfoque de g\u00e9nero e interculturalidad, asever\u00f3 en su intervenci\u00f3n la Directora del Centro de Reeducaci\u00f3n para Hombres que Ejercen Violencia contra las Mujeres, Lidia Marusia L\u00f3pez Andrade, quien asisti\u00f3 en representaci\u00f3n del titular de la SSPO, Capit\u00e1n Jos\u00e9 Raymundo Tu\u00f1\u00f3n  J\u00e1uregui. <\/p>\n\n\n\n<p>La funcionaria destac\u00f3 adem\u00e1s el compromiso demostrado por la administraci\u00f3n municipal que encabeza Pedro Juan Garc\u00eda Montes, al dar cumplimiento al convenio de colaboraci\u00f3n signado el 22 de octubre de 2018. <\/p>\n\n\n\n<figure class=\"wp-block-image\"><img loading=\"lazy\" decoding=\"async\" width=\"1024\" height=\"576\" src=\"https:\/\/sspo.gob.mx\/wp-content\/uploads\/2019\/01\/reeducaci\u00f3n-con-enfoque-de-g\u00e9nero-2-1024x576.jpeg\" alt=\"\" class=\"wp-image-37847\" srcset=\"https:\/\/www.sspo.gob.mx\/wp-content\/uploads\/2019\/01\/reeducaci\u00f3n-con-enfoque-de-g\u00e9nero-2-1024x576.jpeg 1024w, https:\/\/www.sspo.gob.mx\/wp-content\/uploads\/2019\/01\/reeducaci\u00f3n-con-enfoque-de-g\u00e9nero-2-300x169.jpeg 300w, https:\/\/www.sspo.gob.mx\/wp-content\/uploads\/2019\/01\/reeducaci\u00f3n-con-enfoque-de-g\u00e9nero-2-768x432.jpeg 768w, https:\/\/www.sspo.gob.mx\/wp-content\/uploads\/2019\/01\/reeducaci\u00f3n-con-enfoque-de-g\u00e9nero-2.jpeg 1280w\" sizes=\"(max-width: 1024px) 100vw, 1024px\" \/><\/figure>\n\n\n\n<p>L\u00f3pez Andrade hizo hincapi\u00e9 en la importancia del proceso reeducativo cuyo objetivo \u2013dijo- es prevenir, detener y erradicar la violencia contra las mujeres, teniendo como prioridad la seguridad de las personas afectadas. <\/p>\n\n\n\n<p>Esto se suma a los esfuerzos de mujeres y hombres por dar respuesta eficaz al fen\u00f3meno de violencia de g\u00e9nero en el Estado de Oaxaca, desde un enfoque de g\u00e9nero y de acuerdo a los lineamientos legales vigentes.<\/p>\n\n\n\n<figure class=\"wp-block-image\"><img loading=\"lazy\" decoding=\"async\" width=\"1024\" height=\"638\" src=\"https:\/\/sspo.gob.mx\/wp-content\/uploads\/2019\/01\/reeducaci\u00f3n-con-enfoque-de-g\u00e9nero-3-1024x638.jpeg\" alt=\"\" class=\"wp-image-37848\" srcset=\"https:\/\/www.sspo.gob.mx\/wp-content\/uploads\/2019\/01\/reeducaci\u00f3n-con-enfoque-de-g\u00e9nero-3-1024x638.jpeg 1024w, https:\/\/www.sspo.gob.mx\/wp-content\/uploads\/2019\/01\/reeducaci\u00f3n-con-enfoque-de-g\u00e9nero-3-300x187.jpeg 300w, https:\/\/www.sspo.gob.mx\/wp-content\/uploads\/2019\/01\/reeducaci\u00f3n-con-enfoque-de-g\u00e9nero-3-768x479.jpeg 768w, https:\/\/www.sspo.gob.mx\/wp-content\/uploads\/2019\/01\/reeducaci\u00f3n-con-enfoque-de-g\u00e9nero-3.jpeg 1280w\" sizes=\"(max-width: 1024px) 100vw, 1024px\" \/><\/figure>\n","protected":false},"excerpt":{"rendered":"<p>Dentro del marco del D\u00eda Naranja y derivado de la firma de un convenio entre la Secretar\u00eda de Seguridad P\u00fablica<\/p>\n","protected":false},"author":2,"featured_media":37849,"comment_status":"closed","ping_status":"open","sticky":false,"template":"","format":"standard","meta":{"footnotes":""},"categories":[7],"tags":[],"_links":{"self":[{"href":"https:\/\/www.sspo.gob.mx\/index.php?rest_route=\/wp\/v2\/posts\/37845"}],"collection":[{"href":"https:\/\/www.sspo.gob.mx\/index.php?rest_route=\/wp\/v2\/posts"}],"about":[{"href":"https:\/\/www.sspo.gob.mx\/index.php?rest_route=\/wp\/v2\/types\/post"}],"author":[{"embeddable":true,"href":"https:\/\/www.sspo.gob.mx\/index.php?rest_route=\/wp\/v2\/users\/2"}],"replies":[{"embeddable":true,"href":"https:\/\/www.sspo.gob.mx\/index.php?rest_route=%2Fwp%2Fv2%2Fcomments&post=37845"}],"version-history":[{"count":1,"href":"https:\/\/www.sspo.gob.mx\/index.php?rest_route=\/wp\/v2\/posts\/37845\/revisions"}],"predecessor-version":[{"id":37850,"href":"https:\/\/www.sspo.gob.mx\/index.php?rest_route=\/wp\/v2\/posts\/37845\/revisions\/37850"}],"wp:featuredmedia":[{"embeddable":true,"href":"https:\/\/www.sspo.gob.mx\/index.php?rest_route=\/wp\/v2\/media\/37849"}],"wp:attachment":[{"href":"https:\/\/www.sspo.gob.mx\/index.php?rest_route=%2Fwp%2Fv2%2Fmedia&parent=37845"}],"wp:term":[{"taxonomy":"category","embeddable":true,"href":"https:\/\/www.sspo.gob.mx\/index.php?rest_route=%2Fwp%2Fv2%2Fcategories&post=37845"},{"taxonomy":"post_tag","embeddable":true,"href":"https:\/\/www.sspo.gob.mx\/index.php?rest_route=%2Fwp%2Fv2%2Ftags&post=37845"}],"curies":[{"name":"wp","href":"https:\/\/api.w.org\/{rel}","templated":true}]}}