{"id":38527,"date":"2019-02-12T11:03:25","date_gmt":"2019-02-12T17:03:25","guid":{"rendered":"https:\/\/sspo.gob.mx\/?p=38527"},"modified":"2019-02-12T11:03:27","modified_gmt":"2019-02-12T17:03:27","slug":"detenidos-por-la-policia-estatal-no-acreditaron-propiedad-de-ganado","status":"publish","type":"post","link":"https:\/\/www.sspo.gob.mx\/?p=38527","title":{"rendered":"DETENIDOS POR LA POLIC\u00cdA ESTATAL, NO ACREDITARON PROPIEDAD DE GANADO"},"content":{"rendered":"\n<p>En dos distintas intervenciones registradas en el Istmo de Tehuantepec y en la Costa, efectivos de la Polic\u00eda Estatal realizaron la detenci\u00f3n de cuatro personas por su probable responsabilidad en la comisi\u00f3n del delito de abigeato. <\/p>\n\n\n\n<p>En un primer momento, el conductor de una camioneta marca Nissan con redilas, fue detenido por la Polic\u00eda Estatal luego de que la documentaci\u00f3n que present\u00f3 para acreditar la cabeza de ganado vacuno que transportaba, mostrara inconsistencias. <\/p>\n\n\n\n<figure class=\"wp-block-image is-resized\"><img loading=\"lazy\" decoding=\"async\" src=\"https:\/\/sspo.gob.mx\/wp-content\/uploads\/2019\/02\/06.jpeg\" alt=\"\" class=\"wp-image-38529\" width=\"431\" height=\"431\" srcset=\"https:\/\/www.sspo.gob.mx\/wp-content\/uploads\/2019\/02\/06.jpeg 158w, https:\/\/www.sspo.gob.mx\/wp-content\/uploads\/2019\/02\/06-150x150.jpeg 150w\" sizes=\"(max-width: 431px) 100vw, 431px\" \/><\/figure>\n\n\n\n<p>La persona detenida, el veh\u00edculo y el semoviente, fueron puestos a disposici\u00f3n del Ministerio P\u00fablico con residencia en Juchit\u00e1n de Zaragoza, misma ciudad en la que ocurri\u00f3 la intervenci\u00f3n policial.<\/p>\n\n\n\n<figure class=\"wp-block-image is-resized\"><img loading=\"lazy\" decoding=\"async\" src=\"https:\/\/sspo.gob.mx\/wp-content\/uploads\/2019\/02\/03-1.jpeg\" alt=\"\" class=\"wp-image-38533\" width=\"337\" height=\"506\"\/><\/figure>\n\n\n\n<p> Cabe destacar que los polic\u00edas estatales patrullaban sobre la calle 16 de Septiembre, cuando a la altura de la calle Isabel La Cat\u00f3lica, el imputado tom\u00f3 una actitud evasiva ante los uniformados, por lo que le fue marcado el alto y requerida la documentaci\u00f3n para el traslado del bovino. <\/p>\n\n\n\n<figure class=\"wp-block-image\"><img loading=\"lazy\" decoding=\"async\" width=\"768\" height=\"1024\" src=\"https:\/\/sspo.gob.mx\/wp-content\/uploads\/2019\/02\/01-2-768x1024.jpeg\" alt=\"\" class=\"wp-image-38530\" srcset=\"https:\/\/www.sspo.gob.mx\/wp-content\/uploads\/2019\/02\/01-2-768x1024.jpeg 768w, https:\/\/www.sspo.gob.mx\/wp-content\/uploads\/2019\/02\/01-2-225x300.jpeg 225w, https:\/\/www.sspo.gob.mx\/wp-content\/uploads\/2019\/02\/01-2.jpeg 960w\" sizes=\"(max-width: 768px) 100vw, 768px\" \/><\/figure>\n\n\n\n<p>La documentaci\u00f3n exhibida present\u00f3 inconsistencias, motivo por el que E. D., de 44 a\u00f1os de edad, fue detenido junto con la camioneta marca Nissan NP300, cabina roja, de redilas con franjas rojas, blancas y negras, con placas de circulaci\u00f3n XF-5075-A de Veracruz y n\u00famero de serie 3N6AD35C3JK869664. <\/p>\n\n\n\n<p>Posteriormente, en la Carretera Federal 200 que conduce de Pinotepa Nacional a Puerto Escondido, a la altura del kil\u00f3metro 14, entre las localidades de San Andr\u00e9s Huaxpaltepec y Rancho Viejo, fueron detenidos los ocupantes de la camioneta marca Nissan, color blanco y redila roja, tipo ganadera, con n\u00famero de serie 1N6SD11S9SC435021 y placas de circulaci\u00f3n HC3841B del Estado de Guerrero. <\/p>\n\n\n\n<figure class=\"wp-block-image is-resized\"><img loading=\"lazy\" decoding=\"async\" src=\"https:\/\/sspo.gob.mx\/wp-content\/uploads\/2019\/02\/05.jpeg\" alt=\"\" class=\"wp-image-38531\" width=\"238\" height=\"422\"\/><\/figure>\n\n\n\n<p>Lo anterior, debido a que en dicha unidad de motor era transportada una cabeza de ganado vacuno, para lo que el conductor ni sus acompa\u00f1antes, mostraron la documentaci\u00f3n necesaria.<\/p>\n\n\n\n<p> Se trata de  A. M., P. M. y \u00c1. H., mismos que fueron puestos disposici\u00f3n de la Fiscal\u00eda de Pinotepa Nacional, para que determine su situaci\u00f3n jur\u00eddica.<\/p>\n\n\n\n<figure class=\"wp-block-image is-resized\"><img loading=\"lazy\" decoding=\"async\" src=\"https:\/\/sspo.gob.mx\/wp-content\/uploads\/2019\/02\/04-1.jpeg\" alt=\"\" class=\"wp-image-38532\" width=\"274\" height=\"439\"\/><\/figure>\n","protected":false},"excerpt":{"rendered":"<p>En dos distintas intervenciones registradas en el Istmo de Tehuantepec y en la Costa, efectivos de la Polic\u00eda Estatal realizaron<\/p>\n","protected":false},"author":2,"featured_media":38528,"comment_status":"closed","ping_status":"open","sticky":false,"template":"","format":"standard","meta":{"footnotes":""},"categories":[7],"tags":[],"_links":{"self":[{"href":"https:\/\/www.sspo.gob.mx\/index.php?rest_route=\/wp\/v2\/posts\/38527"}],"collection":[{"href":"https:\/\/www.sspo.gob.mx\/index.php?rest_route=\/wp\/v2\/posts"}],"about":[{"href":"https:\/\/www.sspo.gob.mx\/index.php?rest_route=\/wp\/v2\/types\/post"}],"author":[{"embeddable":true,"href":"https:\/\/www.sspo.gob.mx\/index.php?rest_route=\/wp\/v2\/users\/2"}],"replies":[{"embeddable":true,"href":"https:\/\/www.sspo.gob.mx\/index.php?rest_route=%2Fwp%2Fv2%2Fcomments&post=38527"}],"version-history":[{"count":1,"href":"https:\/\/www.sspo.gob.mx\/index.php?rest_route=\/wp\/v2\/posts\/38527\/revisions"}],"predecessor-version":[{"id":38534,"href":"https:\/\/www.sspo.gob.mx\/index.php?rest_route=\/wp\/v2\/posts\/38527\/revisions\/38534"}],"wp:featuredmedia":[{"embeddable":true,"href":"https:\/\/www.sspo.gob.mx\/index.php?rest_route=\/wp\/v2\/media\/38528"}],"wp:attachment":[{"href":"https:\/\/www.sspo.gob.mx\/index.php?rest_route=%2Fwp%2Fv2%2Fmedia&parent=38527"}],"wp:term":[{"taxonomy":"category","embeddable":true,"href":"https:\/\/www.sspo.gob.mx\/index.php?rest_route=%2Fwp%2Fv2%2Fcategories&post=38527"},{"taxonomy":"post_tag","embeddable":true,"href":"https:\/\/www.sspo.gob.mx\/index.php?rest_route=%2Fwp%2Fv2%2Ftags&post=38527"}],"curies":[{"name":"wp","href":"https:\/\/api.w.org\/{rel}","templated":true}]}}