{"id":38535,"date":"2019-02-12T12:34:17","date_gmt":"2019-02-12T18:34:17","guid":{"rendered":"https:\/\/sspo.gob.mx\/?p=38535"},"modified":"2019-02-12T12:34:19","modified_gmt":"2019-02-12T18:34:19","slug":"portaban-armas-de-fuego-sin-licencia-fueron-detenidos-en-la-cuenca","status":"publish","type":"post","link":"https:\/\/www.sspo.gob.mx\/?p=38535","title":{"rendered":"PORTABAN ARMAS DE FUEGO SIN LICENCIA, FUERON DETENIDOS EN LA CUENCA"},"content":{"rendered":"\n<p>Al efectuar recorridos de seguridad y vigilancia en la poblaci\u00f3n de Arroyo Murci\u00e9lago, perteneciente a San Pedro Ixcatl\u00e1n, efectivos de la Polic\u00eda Estatal realizaron la detenci\u00f3n de tres probables responsables de violaci\u00f3n a la Ley Federal de Uso de Armas de Fuego y Explosivos. <\/p>\n\n\n\n<figure class=\"wp-block-image\"><img loading=\"lazy\" decoding=\"async\" width=\"397\" height=\"720\" src=\"https:\/\/sspo.gob.mx\/wp-content\/uploads\/2019\/02\/03.jpg\" alt=\"\" class=\"wp-image-38536\" srcset=\"https:\/\/www.sspo.gob.mx\/wp-content\/uploads\/2019\/02\/03.jpg 397w, https:\/\/www.sspo.gob.mx\/wp-content\/uploads\/2019\/02\/03-165x300.jpg 165w\" sizes=\"(max-width: 397px) 100vw, 397px\" \/><\/figure>\n\n\n\n<p>Dichas personas se identificaron como S. G., quien llevaba entre sus pertenencias tres cartuchos \u00fatiles de la marca \u00c1guila, al parecer para calibre 16; J. C., a quien se le asegur\u00f3 un arma larga desabastecida y F. G., que ten\u00eda en su poder un arma larga desabastecida, al parecer calibre 16. <\/p>\n\n\n\n<figure class=\"wp-block-image\"><img loading=\"lazy\" decoding=\"async\" width=\"347\" height=\"720\" src=\"https:\/\/sspo.gob.mx\/wp-content\/uploads\/2019\/02\/02-1-1.jpg\" alt=\"\" class=\"wp-image-38537\" srcset=\"https:\/\/www.sspo.gob.mx\/wp-content\/uploads\/2019\/02\/02-1-1.jpg 347w, https:\/\/www.sspo.gob.mx\/wp-content\/uploads\/2019\/02\/02-1-1-145x300.jpg 145w\" sizes=\"(max-width: 347px) 100vw, 347px\" \/><\/figure>\n\n\n\n<p>Al no contar ninguno de los imputados con autorizaci\u00f3n para la portaci\u00f3n de las armas, fueron trasladados a la Ciudad de Tuxtepec para ser puestos a disposici\u00f3n de la Agencia del Ministerio P\u00fablico de la Federaci\u00f3n.<\/p>\n\n\n\n<figure class=\"wp-block-image\"><img loading=\"lazy\" decoding=\"async\" width=\"381\" height=\"720\" src=\"https:\/\/sspo.gob.mx\/wp-content\/uploads\/2019\/02\/01.jpg\" alt=\"\" class=\"wp-image-38538\" srcset=\"https:\/\/www.sspo.gob.mx\/wp-content\/uploads\/2019\/02\/01.jpg 381w, https:\/\/www.sspo.gob.mx\/wp-content\/uploads\/2019\/02\/01-159x300.jpg 159w\" sizes=\"(max-width: 381px) 100vw, 381px\" \/><\/figure>\n","protected":false},"excerpt":{"rendered":"<p>Al efectuar recorridos de seguridad y vigilancia en la poblaci\u00f3n de Arroyo Murci\u00e9lago, perteneciente a San Pedro Ixcatl\u00e1n, efectivos de<\/p>\n","protected":false},"author":2,"featured_media":38539,"comment_status":"closed","ping_status":"open","sticky":false,"template":"","format":"standard","meta":{"footnotes":""},"categories":[7],"tags":[],"_links":{"self":[{"href":"https:\/\/www.sspo.gob.mx\/index.php?rest_route=\/wp\/v2\/posts\/38535"}],"collection":[{"href":"https:\/\/www.sspo.gob.mx\/index.php?rest_route=\/wp\/v2\/posts"}],"about":[{"href":"https:\/\/www.sspo.gob.mx\/index.php?rest_route=\/wp\/v2\/types\/post"}],"author":[{"embeddable":true,"href":"https:\/\/www.sspo.gob.mx\/index.php?rest_route=\/wp\/v2\/users\/2"}],"replies":[{"embeddable":true,"href":"https:\/\/www.sspo.gob.mx\/index.php?rest_route=%2Fwp%2Fv2%2Fcomments&post=38535"}],"version-history":[{"count":1,"href":"https:\/\/www.sspo.gob.mx\/index.php?rest_route=\/wp\/v2\/posts\/38535\/revisions"}],"predecessor-version":[{"id":38540,"href":"https:\/\/www.sspo.gob.mx\/index.php?rest_route=\/wp\/v2\/posts\/38535\/revisions\/38540"}],"wp:featuredmedia":[{"embeddable":true,"href":"https:\/\/www.sspo.gob.mx\/index.php?rest_route=\/wp\/v2\/media\/38539"}],"wp:attachment":[{"href":"https:\/\/www.sspo.gob.mx\/index.php?rest_route=%2Fwp%2Fv2%2Fmedia&parent=38535"}],"wp:term":[{"taxonomy":"category","embeddable":true,"href":"https:\/\/www.sspo.gob.mx\/index.php?rest_route=%2Fwp%2Fv2%2Fcategories&post=38535"},{"taxonomy":"post_tag","embeddable":true,"href":"https:\/\/www.sspo.gob.mx\/index.php?rest_route=%2Fwp%2Fv2%2Ftags&post=38535"}],"curies":[{"name":"wp","href":"https:\/\/api.w.org\/{rel}","templated":true}]}}