{"id":40600,"date":"2019-05-15T12:35:32","date_gmt":"2019-05-15T18:35:32","guid":{"rendered":"https:\/\/sspo.gob.mx\/?p=40600"},"modified":"2019-05-15T12:35:33","modified_gmt":"2019-05-15T18:35:33","slug":"soy-coordinador-de-la-policia-turistica-en-esta-vida-todo-es-sacrificio-y-el-premio-ser-feliz","status":"publish","type":"post","link":"https:\/\/www.sspo.gob.mx\/?p=40600","title":{"rendered":"SOY COORDINADOR DE LA POLIC\u00cdA TUR\u00cdSTICA:  \u201cEN ESTA VIDA TODO ES SACRIFICIO Y EL PREMIO SER FELIZ\u201d"},"content":{"rendered":"\n<p>\u201cEste no es mi fin, es mi\ninicio\u201d, con esa convicci\u00f3n sali\u00f3 ileso aquella tarde de 2011, mientras el\nfuego cruzado pod\u00eda cobrar la vida de alguno de los 10 elementos a su\ncargo,&nbsp; cuando realizaban recorridos a pie,\nmientras fung\u00eda como mediador entre los comuneros de Sola de Vega y San Vicente\nCoatl\u00e1n y comenz\u00f3 la refriega por un a\u00f1eja disputa agraria en esa zona de la\nSierra Sur. <\/p>\n\n\n\n<figure class=\"wp-block-image\"><img loading=\"lazy\" decoding=\"async\" width=\"1280\" height=\"851\" src=\"https:\/\/sspo.gob.mx\/wp-content\/uploads\/2019\/05\/WhatsApp-Image-2019-05-15-at-13.29.09-1-1.jpeg\" alt=\"\" class=\"wp-image-40602\"\/><\/figure>\n\n\n\n<p>Hoy, a ocho a\u00f1os de distancia,\ndespu\u00e9s de estar adscrito a igual n\u00famero de poblaciones con conflictos\nlim\u00edtrofes&nbsp; y como Coordinador de la\nPolic\u00eda Tur\u00edstica, conformada por 70 elementos, el comandante Gilberto Saavedra\nde los Santos&nbsp; afirma que llegar a la\nSecretar\u00eda de Seguridad P\u00fablica de Oaxaca (SSPO), es lo m\u00e1s bonito que le ha pasado,\neso adem\u00e1s de su familia y la m\u00fasica.<\/p>\n\n\n\n<p>Su alta en la Polic\u00eda Estatal\nocurri\u00f3 el primero de julio de 1994, por casualidad, ya que desde muy peque\u00f1o\nsu vida la dedic\u00f3 a la m\u00fasica y pens\u00f3 que esa ser\u00eda su \u00fanica motivaci\u00f3n, jam\u00e1s\nimagin\u00f3 que un d\u00eda tendr\u00eda que proteger su vida mientras ve\u00eda&nbsp; heridos caer en un grupo de 100 campesinos\narmados tir\u00e1ndose a matar. <\/p>\n\n\n\n<ul class=\"wp-block-gallery columns-1 is-cropped wp-block-gallery-1 is-layout-flex wp-block-gallery-is-layout-flex\"><li class=\"blocks-gallery-item\"><figure><img loading=\"lazy\" decoding=\"async\" width=\"1280\" height=\"851\" src=\"https:\/\/sspo.gob.mx\/wp-content\/uploads\/2019\/05\/WhatsApp-Image-2019-05-15-at-13.29.12-1.jpeg\" alt=\"\" data-id=\"40603\" data-link=\"https:\/\/sspo.gob.mx\/?attachment_id=40603\" class=\"wp-image-40603\"\/><\/figure><\/li><\/ul>\n\n\n\n<p>Originario de&nbsp; Ciudad Ixtepec en la regi\u00f3n del Istmo de\nTehuantepec, con 51 a\u00f1os de edad y el segundo de cinco hermanos, recuerda c\u00f3mo\napenas acariciaba un lustro de vida, ya tocaba las congas y sus manos\nadoloridas por la dureza de la piel de chivo con la que eran fabricadas, lo\napremiaron para aprender a dominar la bater\u00eda con \u201cLos G\u00e9minis\u201d el grupo que su\npadre Juan Saavedra cre\u00f3 y esa inspiraci\u00f3n sonora es la que lo salv\u00f3 durante\nlargas temporadas lejos de los suyos, pero pendiente de la seguridad en\nOaxaca.&nbsp; <\/p>\n\n\n\n<p>Bajista a los 15 a\u00f1os,\nactualmente tecladista sigue su pasi\u00f3n por la m\u00fasica&nbsp; con su espect\u00e1culo \u201cSaavedra y su guitarra\nm\u00e1gica\u201d y lo combina con su otra vocaci\u00f3n: ser polic\u00eda.&nbsp; Inici\u00f3 su recorrido por la SSPO en el Centro\nPenitenciario de Santa Mar\u00eda Ixcotel, luego en los m\u00f3dulos de revisi\u00f3n de taxis\ny sigui\u00f3 en el Palacio de Gobierno.<\/p>\n\n\n\n<p>Candelaria Loxicha y Santiago\nXanica, en la Sierra Sur; la zona lim\u00edtrofe \u201cEl Manantial\u201d que divide a\nTamazulapan del Esp\u00edritu Santo y San Pedro y San Pablo Ayutla en la Sierra\nNorte; San Jos\u00e9 del Progreso en la Villa de Tututepec de Melchor Ocampo y\nTataltepec de Vald\u00e9s en la Costa, Santa Mar\u00eda Guienagati, Santiago Astata y San\nBlas Atempa, del Istmo de Tehuantepec, forman parte de su carrera policial,\ndonde le ha tocado estar en la l\u00ednea de fuego y al mismo tiempo conocer\npersonas y lugares que define como maravillosos. <\/p>\n\n\n\n<p>Sus profundos ojos negros y su\nfranca sonrisa, aminoran el efecto de su corpulento f\u00edsico y su altura, sobre\ntodo cuando habla de su esposa Patricia y sus hijos Karen, Martha y Gilberto, a\nquienes reconoce ha tenido que descuidar para proveerles de un mejor futuro, y\nalecciona: \u201ces esta vida todo es sacrificio y mi premio es ser feliz\u201d.<\/p>\n\n\n\n<ul class=\"wp-block-gallery columns-1 is-cropped wp-block-gallery-2 is-layout-flex wp-block-gallery-is-layout-flex\"><li class=\"blocks-gallery-item\"><figure><img loading=\"lazy\" decoding=\"async\" width=\"1280\" height=\"851\" src=\"https:\/\/sspo.gob.mx\/wp-content\/uploads\/2019\/05\/WhatsApp-Image-2019-05-15-at-13.29.12.jpeg\" alt=\"\" data-id=\"40604\" data-link=\"https:\/\/sspo.gob.mx\/?attachment_id=40604\" class=\"wp-image-40604\"\/><\/figure><\/li><\/ul>\n\n\n\n<p>Con la Polic\u00eda Tur\u00edstica, a\nquien dirige desde el primero de julio de 2017 con presencia en Valles\nCentrales, en Puerto Escondido y Huatulco,&nbsp;\nafirma que ha tenido grandes satisfacciones y retos.<\/p>\n\n\n\n<p>Aprender de la gente joven y\npracticar el respeto a la equidad de g\u00e9nero y al trabajo diario de jefas de\nfamilia que integran la Polic\u00eda Tur\u00edstica,&nbsp;\nhan sido cosas que ha puesto en pr\u00e1ctica en una corporaci\u00f3n que adem\u00e1s\nde tener todos los conocimientos y experiencia necesarios para salvaguardar la\nseguridad de los oaxaque\u00f1os, se prepara diariamente para ofrecer un servicio\nextra: informaci\u00f3n tur\u00edstica a los visitantes locales, regionales y\nextranjeros. <\/p>\n\n\n\n<p>Para el equipo que comanda no\ns\u00f3lo se trata de guiar, sino de ense\u00f1ar historia de Oaxaca, de sus edificios\nhist\u00f3ricos, de sus tradiciones y cultura; tambi\u00e9n romper las barreras del\nidioma es por ello que ha centrado sus bater\u00edas en capacitar al personal en\naprendizaje de la lengua extranjera, actualmente tres elementos han concluido\nsu Licenciatura en Ingl\u00e9s, y dos de ellos ya dominan el idioma en un 90 por\nciento. <\/p>\n\n\n\n<p>Estar al frente de la Polic\u00eda\nTur\u00edstica es un constante reto, \u201cnos distinguimos del resto de las\ncorporaciones por el uniforme, pero tenemos un mismo prop\u00f3sito, hacer de Oaxaca\nun lugar mejor para vivir\u201d, dice el comandante Gilberto, al afirmar que est\u00e1n\nen la v\u00eda de atender el llamado del gobernador, Alejandro Murat Hinojosa y\naplicar las estrategias del Eje III \u201cOaxaca Seguro\u201d que instrumenta la SSPO a\ncargo del capit\u00e1n Jos\u00e9 Raymundo Tu\u00f1\u00f3n J\u00e1uregui.<\/p>\n","protected":false},"excerpt":{"rendered":"<p>\u201cEste no es mi fin, es mi inicio\u201d, con esa convicci\u00f3n sali\u00f3 ileso aquella tarde de 2011, mientras el fuego<\/p>\n","protected":false},"author":2,"featured_media":40605,"comment_status":"closed","ping_status":"open","sticky":false,"template":"","format":"standard","meta":{"footnotes":""},"categories":[7],"tags":[],"_links":{"self":[{"href":"https:\/\/www.sspo.gob.mx\/index.php?rest_route=\/wp\/v2\/posts\/40600"}],"collection":[{"href":"https:\/\/www.sspo.gob.mx\/index.php?rest_route=\/wp\/v2\/posts"}],"about":[{"href":"https:\/\/www.sspo.gob.mx\/index.php?rest_route=\/wp\/v2\/types\/post"}],"author":[{"embeddable":true,"href":"https:\/\/www.sspo.gob.mx\/index.php?rest_route=\/wp\/v2\/users\/2"}],"replies":[{"embeddable":true,"href":"https:\/\/www.sspo.gob.mx\/index.php?rest_route=%2Fwp%2Fv2%2Fcomments&post=40600"}],"version-history":[{"count":1,"href":"https:\/\/www.sspo.gob.mx\/index.php?rest_route=\/wp\/v2\/posts\/40600\/revisions"}],"predecessor-version":[{"id":40606,"href":"https:\/\/www.sspo.gob.mx\/index.php?rest_route=\/wp\/v2\/posts\/40600\/revisions\/40606"}],"wp:featuredmedia":[{"embeddable":true,"href":"https:\/\/www.sspo.gob.mx\/index.php?rest_route=\/wp\/v2\/media\/40605"}],"wp:attachment":[{"href":"https:\/\/www.sspo.gob.mx\/index.php?rest_route=%2Fwp%2Fv2%2Fmedia&parent=40600"}],"wp:term":[{"taxonomy":"category","embeddable":true,"href":"https:\/\/www.sspo.gob.mx\/index.php?rest_route=%2Fwp%2Fv2%2Fcategories&post=40600"},{"taxonomy":"post_tag","embeddable":true,"href":"https:\/\/www.sspo.gob.mx\/index.php?rest_route=%2Fwp%2Fv2%2Ftags&post=40600"}],"curies":[{"name":"wp","href":"https:\/\/api.w.org\/{rel}","templated":true}]}}