{"id":40949,"date":"2019-06-07T17:26:41","date_gmt":"2019-06-07T23:26:41","guid":{"rendered":"https:\/\/sspo.gob.mx\/?p=40949"},"modified":"2019-06-07T17:26:41","modified_gmt":"2019-06-07T23:26:41","slug":"en-la-costa-un-detenido-y-dos-armas-de-fuego-aseguradas-por-la-policia-estatal","status":"publish","type":"post","link":"https:\/\/www.sspo.gob.mx\/?p=40949","title":{"rendered":"EN LA COSTA: UN DETENIDO Y DOS ARMAS DE FUEGO ASEGURADAS POR LA POLIC\u00cdA ESTATAL"},"content":{"rendered":"\n<p>Derivado de dos\nintervenciones ocurridas durante los patrullajes de seguridad que la Polic\u00eda\nEstatal despleg\u00f3 en las \u00faltimas horas en la regi\u00f3n de la Costa, un probable\nresponsable de violaci\u00f3n a la Ley Federal de Uso de Armas de Fuego y Explosivos\nfue detenido y dos artefactos asegurados.<\/p>\n\n\n\n<p>Personal de la\nPolic\u00eda Estatal realizaba acciones de inspecci\u00f3n y vigilancia en conjunto con\ntropas de la Secretar\u00eda de la Defensa Nacional (Sedena), cuando en el camino\nprincipal de terracer\u00eda de la agencia de polic\u00eda Yutandua, perteneciente a San\nPedro Jicay\u00e1n, localizaron un arma larga de fuego.<\/p>\n\n\n\n<figure class=\"wp-block-image\"><img decoding=\"async\" src=\"https:\/\/sspo.gob.mx\/wp-content\/uploads\/2019\/06\/01-5.jpeg\" alt=\"\"\/><\/figure>\n\n\n\n<p>Se trata de una\nescopeta calibre 12 mm, marca Ted Wuiliams 12, matr\u00edcula105126, modelo\n200-12ga, sin cartuchos.<\/p>\n\n\n\n<p>En otro\nmomento, sobre la Carretera Federal 200, a la altura de la entrada a El\nPalmarito, Mixtepec los uniformados realizaron la detenci\u00f3n de J. J., de 29\na\u00f1os de edad.<\/p>\n\n\n\n<p>Dicha persona\nllevaba un arma de fuego tipo rifle, marca Mendoza, calibre 22 mm, modelo 61-5,\nsin matr\u00edcula y 25 cartuchos \u00fatiles del mismo calibre.<\/p>\n\n\n\n<p>El imputado y las armas aseguradas fueron puestos a disposici\u00f3n de la autoridad competente conforme a Derecho. <\/p>\n\n\n\n<figure class=\"wp-block-image\"><img decoding=\"async\" src=\"https:\/\/sspo.gob.mx\/wp-content\/uploads\/2019\/06\/02-2.jpeg\" alt=\"\"\/><\/figure>\n\n\n\n<p>Regi\u00f3n de la\nCosta, Oax. 07 de junio de 2019<\/p>\n","protected":false},"excerpt":{"rendered":"<p>Derivado de dos intervenciones ocurridas durante los patrullajes de seguridad que la Polic\u00eda Estatal despleg\u00f3 en las \u00faltimas horas en<\/p>\n","protected":false},"author":2,"featured_media":40950,"comment_status":"closed","ping_status":"open","sticky":false,"template":"","format":"standard","meta":{"footnotes":""},"categories":[7],"tags":[],"_links":{"self":[{"href":"https:\/\/www.sspo.gob.mx\/index.php?rest_route=\/wp\/v2\/posts\/40949"}],"collection":[{"href":"https:\/\/www.sspo.gob.mx\/index.php?rest_route=\/wp\/v2\/posts"}],"about":[{"href":"https:\/\/www.sspo.gob.mx\/index.php?rest_route=\/wp\/v2\/types\/post"}],"author":[{"embeddable":true,"href":"https:\/\/www.sspo.gob.mx\/index.php?rest_route=\/wp\/v2\/users\/2"}],"replies":[{"embeddable":true,"href":"https:\/\/www.sspo.gob.mx\/index.php?rest_route=%2Fwp%2Fv2%2Fcomments&post=40949"}],"version-history":[{"count":1,"href":"https:\/\/www.sspo.gob.mx\/index.php?rest_route=\/wp\/v2\/posts\/40949\/revisions"}],"predecessor-version":[{"id":40952,"href":"https:\/\/www.sspo.gob.mx\/index.php?rest_route=\/wp\/v2\/posts\/40949\/revisions\/40952"}],"wp:featuredmedia":[{"embeddable":true,"href":"https:\/\/www.sspo.gob.mx\/index.php?rest_route=\/wp\/v2\/media\/40950"}],"wp:attachment":[{"href":"https:\/\/www.sspo.gob.mx\/index.php?rest_route=%2Fwp%2Fv2%2Fmedia&parent=40949"}],"wp:term":[{"taxonomy":"category","embeddable":true,"href":"https:\/\/www.sspo.gob.mx\/index.php?rest_route=%2Fwp%2Fv2%2Fcategories&post=40949"},{"taxonomy":"post_tag","embeddable":true,"href":"https:\/\/www.sspo.gob.mx\/index.php?rest_route=%2Fwp%2Fv2%2Ftags&post=40949"}],"curies":[{"name":"wp","href":"https:\/\/api.w.org\/{rel}","templated":true}]}}